{"id":12821,"date":"2016-01-12T13:00:44","date_gmt":"2016-01-12T16:00:44","guid":{"rendered":"http:\/\/www.bibliotecadeseguranca.com.br\/fr\/?p=12821"},"modified":"2016-01-12T09:46:57","modified_gmt":"2016-01-12T12:46:57","slug":"la-communication-de-crise","status":"publish","type":"post","link":"https:\/\/www.bibliotecadeseguranca.com.br\/fr\/livros\/la-communication-de-crise\/","title":{"rendered":"La communication de crise"},"content":{"rendered":"<p><span style=\"color: #003366;\"><strong><img loading=\"lazy\" decoding=\"async\" class=\"alignleft size-full wp-image-12822\" src=\"http:\/\/www.bibliotecadeseguranca.com.br\/fr\/wp-content\/uploads\/2016\/01\/La-communication-de-crise.jpg\" alt=\"La communication de crise\" width=\"145\" height=\"203\" srcset=\"https:\/\/www.bibliotecadeseguranca.com.br\/fr\/wp-content\/uploads\/2016\/01\/La-communication-de-crise.jpg 145w, https:\/\/www.bibliotecadeseguranca.com.br\/fr\/wp-content\/uploads\/2016\/01\/La-communication-de-crise-107x150.jpg 107w\" sizes=\"auto, (max-width: 145px) 100vw, 145px\" \/>V\u00e9ronique Sartre<\/strong><\/span><\/p>\n<p><span style=\"color: #003366;\"><strong>Maison d&#8217;\u00e9dition\u00a0Demos Editions<\/strong><\/span><\/p>\n<p><span style=\"color: #003366;\"><strong>R\u00e9sum\u00e9:<\/strong><\/span> R\u00e9dig\u00e9 dans un langage simple et clair, cet ouvrage s&#8217;adresse \u00e0 des managers ou des responsables de tout type d&#8217;organisation d\u00e9sireux d&#8217;installer dans leur entreprise une sensibilisation aux crises et des proc\u00e9dures d&#8217;anticipation ou de r\u00e9action. S&#8217;appuyant sur les th\u00e9ories les plus r\u00e9centes en mati\u00e8re de gestion de crise, ce livre traite les ph\u00e9nom\u00e8nes de crise de mani\u00e8re globale en mettant l&#8217;accent autant sur les actions pr\u00e9ventives que sur la communication r\u00e9active lorsque la crise a \u00e9clat\u00e9. Il propose une m\u00e9thodologie de r\u00e9flexion et des pistes d&#8217;actions depuis la pr\u00e9vention jusqu&#8217;\u00e0 la gestion de l&#8217;apr\u00e8s-crise. Des analyses de crises r\u00e9centes et prises dans des secteurs d&#8217;activit\u00e9s diversifi\u00e9s illustrent les concepts th\u00e9oriques afin de favoriser leur compr\u00e9hension. De nombreux tableaux et graphiques permettent au lecteur de conduire ses propres analyses sur son organisation. Ce livre donne des pistes strat\u00e9giques sur l&#8217;utilisation des diff\u00e9rents canaux de communication en particulier Internet. Cette nouvelle \u00e9dition comprend d&#8217;ailleurs une nouvelle section traitant des r\u00e9seaux sociaux et de leur utilisation en cas de crise. Il inclut des conseils faciles \u00e0 appliquer concernant la constitution des cellules de crise ainsi que les relations avec les m\u00e9dias (la r\u00e9daction des communiqu\u00e9s de presse, la pr\u00e9paration aux conf\u00e9rences de presse, les interviews&#8230;). Dans une optique p\u00e9dagogique, chaque chapitre se termine par un rappel des points cl\u00e9s afin d&#8217;ancrer les concepts importants.<\/p>\n","protected":false},"excerpt":{"rendered":"<p>V\u00e9ronique Sartre Maison d&#8217;\u00e9dition\u00a0Demos Editions R\u00e9sum\u00e9: R\u00e9dig\u00e9 dans un langage simple et clair, cet ouvrage s&#8217;adresse \u00e0 des managers ou des responsables de tout type d&#8217;organisation d\u00e9sireux d&#8217;installer dans leur entreprise une sensibilisation aux crises et des proc\u00e9dures d&#8217;anticipation ou de r\u00e9action. S&#8217;appuyant sur les th\u00e9ories les plus r\u00e9centes en mati\u00e8re de gestion de crise, ce livre traite les ph\u00e9nom\u00e8nes de crise de mani\u00e8re globale en mettant l&#8217;accent autant sur&hellip; <\/p>\n","protected":false},"author":3,"featured_media":12822,"comment_status":"open","ping_status":"closed","sticky":false,"template":"","format":"standard","meta":{"footnotes":""},"categories":[14,109,6,19,12],"tags":[],"class_list":["post-12821","post","type-post","status-publish","format-standard","has-post-thumbnail","hentry","category-administracao-e-estrategia-empresarial","category-francais","category-livros","category-risco-e-perdas","category-emergencia-e-contingencia"],"views":489,"_links":{"self":[{"href":"https:\/\/www.bibliotecadeseguranca.com.br\/fr\/wp-json\/wp\/v2\/posts\/12821","targetHints":{"allow":["GET"]}}],"collection":[{"href":"https:\/\/www.bibliotecadeseguranca.com.br\/fr\/wp-json\/wp\/v2\/posts"}],"about":[{"href":"https:\/\/www.bibliotecadeseguranca.com.br\/fr\/wp-json\/wp\/v2\/types\/post"}],"author":[{"embeddable":true,"href":"https:\/\/www.bibliotecadeseguranca.com.br\/fr\/wp-json\/wp\/v2\/users\/3"}],"replies":[{"embeddable":true,"href":"https:\/\/www.bibliotecadeseguranca.com.br\/fr\/wp-json\/wp\/v2\/comments?post=12821"}],"version-history":[{"count":1,"href":"https:\/\/www.bibliotecadeseguranca.com.br\/fr\/wp-json\/wp\/v2\/posts\/12821\/revisions"}],"predecessor-version":[{"id":12823,"href":"https:\/\/www.bibliotecadeseguranca.com.br\/fr\/wp-json\/wp\/v2\/posts\/12821\/revisions\/12823"}],"wp:featuredmedia":[{"embeddable":true,"href":"https:\/\/www.bibliotecadeseguranca.com.br\/fr\/wp-json\/wp\/v2\/media\/12822"}],"wp:attachment":[{"href":"https:\/\/www.bibliotecadeseguranca.com.br\/fr\/wp-json\/wp\/v2\/media?parent=12821"}],"wp:term":[{"taxonomy":"category","embeddable":true,"href":"https:\/\/www.bibliotecadeseguranca.com.br\/fr\/wp-json\/wp\/v2\/categories?post=12821"},{"taxonomy":"post_tag","embeddable":true,"href":"https:\/\/www.bibliotecadeseguranca.com.br\/fr\/wp-json\/wp\/v2\/tags?post=12821"}],"curies":[{"name":"wp","href":"https:\/\/api.w.org\/{rel}","templated":true}]}}