{"id":12791,"date":"2015-12-28T13:00:00","date_gmt":"2015-12-28T16:00:00","guid":{"rendered":"http:\/\/www.bibliotecadeseguranca.com.br\/fr\/?p=12791"},"modified":"2015-12-28T10:13:17","modified_gmt":"2015-12-28T13:13:17","slug":"sistemas-de-informacao-na-administracao-publica","status":"publish","type":"post","link":"https:\/\/www.bibliotecadeseguranca.com.br\/fr\/livros\/sistemas-de-informacao-na-administracao-publica\/","title":{"rendered":"Sistemas de Informa\u00e7\u00e3o na Administra\u00e7\u00e3o P\u00fablica"},"content":{"rendered":"<p><span style=\"color: #003366;\"><strong><img loading=\"lazy\" decoding=\"async\" class=\"alignleft size-full wp-image-12792\" src=\"http:\/\/www.bibliotecadeseguranca.com.br\/fr\/wp-content\/uploads\/2015\/12\/Sistemas-de-Informacao-na-Administracao-Publica.jpg\" alt=\"Sistemas de Informa\u00e7\u00e3o na Administra\u00e7\u00e3o P\u00fablica\" width=\"145\" height=\"208\" srcset=\"https:\/\/www.bibliotecadeseguranca.com.br\/fr\/wp-content\/uploads\/2015\/12\/Sistemas-de-Informacao-na-Administracao-Publica.jpg 145w, https:\/\/www.bibliotecadeseguranca.com.br\/fr\/wp-content\/uploads\/2015\/12\/Sistemas-de-Informacao-na-Administracao-Publica-105x150.jpg 105w\" sizes=\"auto, (max-width: 145px) 100vw, 145px\" \/>Ar\u00eddio Gomes da Silva, Luiz Alberto Rodrigues, Jos\u00e9 Ara\u00fajo Ribeiro<\/strong><\/span><\/p>\n<p><span style=\"color: #003366;\"><strong>Maison d&#8217;\u00e9dition\u00a0Revan<\/strong><\/span><\/p>\n<p><span style=\"color: #003366;\"><strong>R\u00e9sum\u00e9:<\/strong><\/span> Sistemas de informa\u00e7\u00e3o na Administra\u00e7\u00e3o P\u00fablica, explora os temas ligados a teoria da informa\u00e7\u00e3o relacionados particularmente ao ambiente da administra\u00e7\u00e3o p\u00fablica nos dias atuais. Usando uma linguagem simples e com dezenas de ilustra\u00e7\u00f5es e modelos, os autores apresentam casos e exemplos presentes nos sistemas de informa\u00e7\u00e3o e exp\u00f5em conceitos e terminologias utilizados nas opera\u00e7\u00f5es rotineiras e no funcionamento das organiza\u00e7\u00f5es p\u00fablicas e privadas.<br \/>\nTecnologia da informa\u00e7\u00e3o, teoria da decis\u00e3o, intelig\u00eancia da gest\u00e3o p\u00fablica, gest\u00e3o do conhecimento, governo eletr\u00f4nico, inclus\u00e3o digital, web, internet, intranet, extranet, intelig\u00eancia na organiza\u00e7\u00e3o p\u00fablica, seguran\u00e7a da informa\u00e7\u00e3o, sistemas corporativos, sistemas adaptativos e outros temas fundamentais para o entendimento sobre os sistemas de informa\u00e7\u00e3o s\u00e3o discutidos no livro pelos autores Ar\u00eddio Silva, Ara\u00fajo Ribeiro e Luis Rodrigues.<br \/>\nO que s\u00e3o sistemas de informa\u00e7\u00e3o? S\u00e3o os conjuntos de procedimentos que visam captar o que acontece em uma organiza\u00e7\u00e3o. Est\u00e3o envolvidos com a coleta, armazenamento, processamento, an\u00e1lise e dissemina\u00e7\u00e3o de informa\u00e7\u00f5es. Apresentam de forma condensada, a cada n\u00edvel organizacional, o que lhe cabe e t\u00eam por objetivo dar subs\u00eddios ao processo decis\u00f3rio.<br \/>\nEm um momento de crescente e r\u00e1pida evolu\u00e7\u00e3o tecnol\u00f3gica, faz-se necess\u00e1rio a compreens\u00e3o e o dom\u00ednio do aparato da tecnologia da informa\u00e7\u00e3o para uma gest\u00e3o qualificada.<br \/>\nO livro foi escrito para todos os servidores p\u00fablicos, tanto para aqueles que trabalham na esfera federal, quanto estadual ou municipal, dos poderes executivos, legislativo e judici\u00e1rio. Incluem-se ainda como p\u00fablico-alvo: universit\u00e1rios, pesquisadores e profissionais envolvidos direta ou indiretamente com a \u00e1rea p\u00fablica.<\/p>\n","protected":false},"excerpt":{"rendered":"<p>Ar\u00eddio Gomes da Silva, Luiz Alberto Rodrigues, Jos\u00e9 Ara\u00fajo Ribeiro Maison d&#8217;\u00e9dition\u00a0Revan R\u00e9sum\u00e9: Sistemas de informa\u00e7\u00e3o na Administra\u00e7\u00e3o P\u00fablica, explora os temas ligados a teoria da informa\u00e7\u00e3o relacionados particularmente ao ambiente da administra\u00e7\u00e3o p\u00fablica nos dias atuais. Usando uma linguagem simples e com dezenas de ilustra\u00e7\u00f5es e modelos, os autores apresentam casos e exemplos presentes nos sistemas de informa\u00e7\u00e3o e exp\u00f5em conceitos e terminologias utilizados nas opera\u00e7\u00f5es rotineiras e no&hellip; <\/p>\n","protected":false},"author":3,"featured_media":12792,"comment_status":"open","ping_status":"closed","sticky":false,"template":"","format":"standard","meta":{"footnotes":""},"categories":[30,6,20],"tags":[],"class_list":["post-12791","post","type-post","status-publish","format-standard","has-post-thumbnail","hentry","category-espionagem-e-inteligencia-competitiva","category-livros","category-seguranca-da-informacao"],"views":348,"_links":{"self":[{"href":"https:\/\/www.bibliotecadeseguranca.com.br\/fr\/wp-json\/wp\/v2\/posts\/12791","targetHints":{"allow":["GET"]}}],"collection":[{"href":"https:\/\/www.bibliotecadeseguranca.com.br\/fr\/wp-json\/wp\/v2\/posts"}],"about":[{"href":"https:\/\/www.bibliotecadeseguranca.com.br\/fr\/wp-json\/wp\/v2\/types\/post"}],"author":[{"embeddable":true,"href":"https:\/\/www.bibliotecadeseguranca.com.br\/fr\/wp-json\/wp\/v2\/users\/3"}],"replies":[{"embeddable":true,"href":"https:\/\/www.bibliotecadeseguranca.com.br\/fr\/wp-json\/wp\/v2\/comments?post=12791"}],"version-history":[{"count":1,"href":"https:\/\/www.bibliotecadeseguranca.com.br\/fr\/wp-json\/wp\/v2\/posts\/12791\/revisions"}],"predecessor-version":[{"id":12793,"href":"https:\/\/www.bibliotecadeseguranca.com.br\/fr\/wp-json\/wp\/v2\/posts\/12791\/revisions\/12793"}],"wp:featuredmedia":[{"embeddable":true,"href":"https:\/\/www.bibliotecadeseguranca.com.br\/fr\/wp-json\/wp\/v2\/media\/12792"}],"wp:attachment":[{"href":"https:\/\/www.bibliotecadeseguranca.com.br\/fr\/wp-json\/wp\/v2\/media?parent=12791"}],"wp:term":[{"taxonomy":"category","embeddable":true,"href":"https:\/\/www.bibliotecadeseguranca.com.br\/fr\/wp-json\/wp\/v2\/categories?post=12791"},{"taxonomy":"post_tag","embeddable":true,"href":"https:\/\/www.bibliotecadeseguranca.com.br\/fr\/wp-json\/wp\/v2\/tags?post=12791"}],"curies":[{"name":"wp","href":"https:\/\/api.w.org\/{rel}","templated":true}]}}