{"id":12769,"date":"2015-12-15T13:00:02","date_gmt":"2015-12-15T16:00:02","guid":{"rendered":"http:\/\/www.bibliotecadeseguranca.com.br\/fr\/?p=12769"},"modified":"2015-12-15T12:05:13","modified_gmt":"2015-12-15T15:05:13","slug":"lart-de-la-securite","status":"publish","type":"post","link":"https:\/\/www.bibliotecadeseguranca.com.br\/fr\/livros\/lart-de-la-securite\/","title":{"rendered":"L&#8217;art de la s\u00e9curit\u00e9"},"content":{"rendered":"<p><span style=\"color: #003366;\"><strong><img loading=\"lazy\" decoding=\"async\" class=\"alignleft size-full wp-image-12770\" src=\"http:\/\/www.bibliotecadeseguranca.com.br\/fr\/wp-content\/uploads\/2015\/12\/Lart-de-la-securite.jpg\" alt=\"L'art de la s\u00e9curit\u00e9\" width=\"145\" height=\"221\" srcset=\"https:\/\/www.bibliotecadeseguranca.com.br\/fr\/wp-content\/uploads\/2015\/12\/Lart-de-la-securite.jpg 145w, https:\/\/www.bibliotecadeseguranca.com.br\/fr\/wp-content\/uploads\/2015\/12\/Lart-de-la-securite-98x150.jpg 98w\" sizes=\"auto, (max-width: 145px) 100vw, 145px\" \/>Maurice Cusson<\/strong><\/span><\/p>\n<p><span style=\"color: #003366;\"><strong>Maison d&#8217;\u00e9dition\u00a0PPUR<\/strong><\/span><\/p>\n<p><span style=\"color: #003366;\"><strong>Descripci\u00f3n:<\/strong><\/span> Depuis toujours, les communaut\u00e9s humaines ont confi\u00e9 \u00e0 certains des leurs la mission d&#8217;assurer leur protection contre le crime et l&#8217;ins\u00e9curit\u00e9. Au fil du temps, et durant des si\u00e8cles, la police s&#8217;est ainsi progressivement professionnalis\u00e9e, en exp\u00e9rimentant les moyens de toujours mieux s\u00e9curiser les villes et les campagnes. Il faudra toutefois attendre les derni\u00e8res d\u00e9cennies pour que les historiens et les criminologues ne s&#8217;int\u00e9ressent \u00e0 cette s\u00e9culaire accumulation de savoirs et de savoir-faire, et \u00e9valuant les strat\u00e9gies et tactiques mises au point. C&#8217;est sur la base de ces \u00e9tudes que l&#8217;auteur, chercheur au Centre international de criminologie compar\u00e9e de l&#8217;Universit\u00e9 de Montr\u00e9al, d\u00e9crit le long cheminement des hommes dans leur qu\u00eate de la s\u00e9curit\u00e9. Il montre ici comment la police moderne des XVIIe et XVIIIe si\u00e8cles parvient en Europe \u00e0 faire reculer les taux d&#8217;homicide ; les effets sur la criminalit\u00e9 des r\u00e9formes polici\u00e8res d\u00e9ploy\u00e9es dans certaines grandes capitales, lors des si\u00e8cles pass\u00e9s ; la mani\u00e8re dont nos anc\u00eatres se prot\u00e9geaient contre les bandes de brigands et celle dont la police d&#8217;aujourd&#8217;hui parvient \u00e0 d\u00e9sorganiser les organisations criminelles ; les moyens par lesquels les organisations polici\u00e8res et de s\u00e9curit\u00e9 priv\u00e9e ont r\u00e9ussi \u00e0 faire reculer la criminalit\u00e9 \u00e0 la fin du si\u00e8cle dernier, au Canada et aux Etats-Unis. Une mise en perspective unique et originale de la criminologie contemporaine \u00e0 l&#8217;aune de son histoire, un ouvrage passionnant, destin\u00e9 \u00e0 un large public.<\/p>\n","protected":false},"excerpt":{"rendered":"<p>Maurice Cusson Maison d&#8217;\u00e9dition\u00a0PPUR Descripci\u00f3n: Depuis toujours, les communaut\u00e9s humaines ont confi\u00e9 \u00e0 certains des leurs la mission d&#8217;assurer leur protection contre le crime et l&#8217;ins\u00e9curit\u00e9. Au fil du temps, et durant des si\u00e8cles, la police s&#8217;est ainsi progressivement professionnalis\u00e9e, en exp\u00e9rimentant les moyens de toujours mieux s\u00e9curiser les villes et les campagnes. Il faudra toutefois attendre les derni\u00e8res d\u00e9cennies pour que les historiens et les criminologues ne s&#8217;int\u00e9ressent \u00e0&hellip; <\/p>\n","protected":false},"author":3,"featured_media":12770,"comment_status":"open","ping_status":"closed","sticky":false,"template":"","format":"standard","meta":{"footnotes":""},"categories":[10,109,6],"tags":[],"class_list":["post-12769","post","type-post","status-publish","format-standard","has-post-thumbnail","hentry","category-crime-violencia-e-criminologia","category-francais","category-livros"],"views":533,"_links":{"self":[{"href":"https:\/\/www.bibliotecadeseguranca.com.br\/fr\/wp-json\/wp\/v2\/posts\/12769","targetHints":{"allow":["GET"]}}],"collection":[{"href":"https:\/\/www.bibliotecadeseguranca.com.br\/fr\/wp-json\/wp\/v2\/posts"}],"about":[{"href":"https:\/\/www.bibliotecadeseguranca.com.br\/fr\/wp-json\/wp\/v2\/types\/post"}],"author":[{"embeddable":true,"href":"https:\/\/www.bibliotecadeseguranca.com.br\/fr\/wp-json\/wp\/v2\/users\/3"}],"replies":[{"embeddable":true,"href":"https:\/\/www.bibliotecadeseguranca.com.br\/fr\/wp-json\/wp\/v2\/comments?post=12769"}],"version-history":[{"count":1,"href":"https:\/\/www.bibliotecadeseguranca.com.br\/fr\/wp-json\/wp\/v2\/posts\/12769\/revisions"}],"predecessor-version":[{"id":12771,"href":"https:\/\/www.bibliotecadeseguranca.com.br\/fr\/wp-json\/wp\/v2\/posts\/12769\/revisions\/12771"}],"wp:featuredmedia":[{"embeddable":true,"href":"https:\/\/www.bibliotecadeseguranca.com.br\/fr\/wp-json\/wp\/v2\/media\/12770"}],"wp:attachment":[{"href":"https:\/\/www.bibliotecadeseguranca.com.br\/fr\/wp-json\/wp\/v2\/media?parent=12769"}],"wp:term":[{"taxonomy":"category","embeddable":true,"href":"https:\/\/www.bibliotecadeseguranca.com.br\/fr\/wp-json\/wp\/v2\/categories?post=12769"},{"taxonomy":"post_tag","embeddable":true,"href":"https:\/\/www.bibliotecadeseguranca.com.br\/fr\/wp-json\/wp\/v2\/tags?post=12769"}],"curies":[{"name":"wp","href":"https:\/\/api.w.org\/{rel}","templated":true}]}}