{"id":12725,"date":"2015-11-27T13:00:41","date_gmt":"2015-11-27T16:00:41","guid":{"rendered":"http:\/\/www.bibliotecadeseguranca.com.br\/fr\/?p=12725"},"modified":"2015-11-27T10:28:19","modified_gmt":"2015-11-27T13:28:19","slug":"gerenciamento-de-riscos-30-anos-de-historia","status":"publish","type":"post","link":"https:\/\/www.bibliotecadeseguranca.com.br\/fr\/livros\/gerenciamento-de-riscos-30-anos-de-historia\/","title":{"rendered":"Gerenciamento de Riscos 30 anos de Hist\u00f3ria"},"content":{"rendered":"<p><span style=\"color: #003366;\"><strong><img loading=\"lazy\" decoding=\"async\" class=\"alignleft size-full wp-image-12726\" src=\"http:\/\/www.bibliotecadeseguranca.com.br\/fr\/wp-content\/uploads\/2015\/11\/Gerenciamento-de-Riscos-30-anos-de-Historia.jpg\" alt=\"Gerenciamento de Riscos 30 anos de Hist\u00f3ria\" width=\"145\" height=\"206\" srcset=\"https:\/\/www.bibliotecadeseguranca.com.br\/fr\/wp-content\/uploads\/2015\/11\/Gerenciamento-de-Riscos-30-anos-de-Historia.jpg 145w, https:\/\/www.bibliotecadeseguranca.com.br\/fr\/wp-content\/uploads\/2015\/11\/Gerenciamento-de-Riscos-30-anos-de-Historia-106x150.jpg 106w\" sizes=\"auto, (max-width: 145px) 100vw, 145px\" \/>Francisco Wanderley Sigali, Guilherme Brochmann<\/strong><\/span><\/p>\n<p><span style=\"color: #003366;\"><strong>Maison d&#8217;\u00e9dition\u00a0Sicurezza<\/strong><\/span><\/p>\n<p><span style=\"color: #003366;\"><strong>R\u00e9sum\u00e9:<\/strong><\/span> O conte\u00fado que aqui apresentamos retrata os principais fatos colhidos em mais de quarenta entrevistas com presidentes, diretores<br \/>\ne outros executivos do setor de transporte de cargas, mais o resultado de muita pesquisa e de nossa participa\u00e7\u00e3o em semin\u00e1rios,<br \/>\ndebates, palestras e outros eventos dos segmentos empresariais que comp\u00f5em a cadeia produtiva do transporte rodovi\u00e1rio de cargas no pa\u00eds.<\/p>\n","protected":false},"excerpt":{"rendered":"<p>Francisco Wanderley Sigali, Guilherme Brochmann Maison d&#8217;\u00e9dition\u00a0Sicurezza R\u00e9sum\u00e9: O conte\u00fado que aqui apresentamos retrata os principais fatos colhidos em mais de quarenta entrevistas com presidentes, diretores e outros executivos do setor de transporte de cargas, mais o resultado de muita pesquisa e de nossa participa\u00e7\u00e3o em semin\u00e1rios, debates, palestras e outros eventos dos segmentos empresariais que comp\u00f5em a cadeia produtiva do transporte rodovi\u00e1rio de cargas no pa\u00eds.<\/p>\n","protected":false},"author":3,"featured_media":12726,"comment_status":"open","ping_status":"closed","sticky":false,"template":"","format":"standard","meta":{"footnotes":""},"categories":[6,19],"tags":[],"class_list":["post-12725","post","type-post","status-publish","format-standard","has-post-thumbnail","hentry","category-livros","category-risco-e-perdas"],"views":244,"_links":{"self":[{"href":"https:\/\/www.bibliotecadeseguranca.com.br\/fr\/wp-json\/wp\/v2\/posts\/12725","targetHints":{"allow":["GET"]}}],"collection":[{"href":"https:\/\/www.bibliotecadeseguranca.com.br\/fr\/wp-json\/wp\/v2\/posts"}],"about":[{"href":"https:\/\/www.bibliotecadeseguranca.com.br\/fr\/wp-json\/wp\/v2\/types\/post"}],"author":[{"embeddable":true,"href":"https:\/\/www.bibliotecadeseguranca.com.br\/fr\/wp-json\/wp\/v2\/users\/3"}],"replies":[{"embeddable":true,"href":"https:\/\/www.bibliotecadeseguranca.com.br\/fr\/wp-json\/wp\/v2\/comments?post=12725"}],"version-history":[{"count":1,"href":"https:\/\/www.bibliotecadeseguranca.com.br\/fr\/wp-json\/wp\/v2\/posts\/12725\/revisions"}],"predecessor-version":[{"id":12727,"href":"https:\/\/www.bibliotecadeseguranca.com.br\/fr\/wp-json\/wp\/v2\/posts\/12725\/revisions\/12727"}],"wp:featuredmedia":[{"embeddable":true,"href":"https:\/\/www.bibliotecadeseguranca.com.br\/fr\/wp-json\/wp\/v2\/media\/12726"}],"wp:attachment":[{"href":"https:\/\/www.bibliotecadeseguranca.com.br\/fr\/wp-json\/wp\/v2\/media?parent=12725"}],"wp:term":[{"taxonomy":"category","embeddable":true,"href":"https:\/\/www.bibliotecadeseguranca.com.br\/fr\/wp-json\/wp\/v2\/categories?post=12725"},{"taxonomy":"post_tag","embeddable":true,"href":"https:\/\/www.bibliotecadeseguranca.com.br\/fr\/wp-json\/wp\/v2\/tags?post=12725"}],"curies":[{"name":"wp","href":"https:\/\/api.w.org\/{rel}","templated":true}]}}