{"id":12722,"date":"2015-11-26T13:00:38","date_gmt":"2015-11-26T16:00:38","guid":{"rendered":"http:\/\/www.bibliotecadeseguranca.com.br\/fr\/?p=12722"},"modified":"2015-11-26T10:46:16","modified_gmt":"2015-11-26T13:46:16","slug":"a-teia-do-crime-organizado","status":"publish","type":"post","link":"https:\/\/www.bibliotecadeseguranca.com.br\/fr\/livros\/a-teia-do-crime-organizado\/","title":{"rendered":"A Teia do Crime Organizado"},"content":{"rendered":"<p><span style=\"color: #003366;\"><strong><img loading=\"lazy\" decoding=\"async\" class=\"alignleft size-full wp-image-12723\" src=\"http:\/\/www.bibliotecadeseguranca.com.br\/fr\/wp-content\/uploads\/2015\/11\/A-Teia-do-Crime-Organizado.jpg\" alt=\"A Teia do Crime Organizado\" width=\"145\" height=\"225\" srcset=\"https:\/\/www.bibliotecadeseguranca.com.br\/fr\/wp-content\/uploads\/2015\/11\/A-Teia-do-Crime-Organizado.jpg 145w, https:\/\/www.bibliotecadeseguranca.com.br\/fr\/wp-content\/uploads\/2015\/11\/A-Teia-do-Crime-Organizado-97x150.jpg 97w\" sizes=\"auto, (max-width: 145px) 100vw, 145px\" \/>Jos\u00e9 Ivan Schelavin<\/strong><\/span><\/p>\n<p><span style=\"color: #003366;\"><strong>Maison d&#8217;\u00e9dition\u00a0Conceito Editorial<\/strong><\/span><\/p>\n<p><span style=\"color: #003366;\"><strong>Overview:<\/strong><\/span> O autor constr\u00f3i em seu texto, habilmente, um quadro muito rico de informa\u00e7\u00f5es e dados sobre as origens, a evolu\u00e7\u00e3o e a caracteriza\u00e7\u00e3o das fac\u00e7\u00f5es criminosas, especialmente, na cidade do Rio de Janeiro. Consegue, assim, demonstrar ao leitor um retrato verdadeiro dos fen\u00f4menos crimin\u00f3genos que avan\u00e7am sobre esferas de poder paralelo, assim como o seu peculiar com organiza\u00e7\u00f5es criminosas de outras partes do mundo, como a m\u00e1fia italiana e a yakusa japonesa, \u00e9 poss\u00edvel identificar aspectos comuns e nuances curiosas, prevalecendo, contudo, a certeza de que seja em \u00e1reas conflagradas ou em comunidades vitimizadas, \u00e9 a aus\u00eancia de Estado que desnuda a cidadania e degrada a qualidade de vida. Enriquecido pelo di\u00e1logo com quest\u00f5es de fundo doutrin\u00e1rio e de vi\u00e9s sociol\u00f3gico, este livro talvez seja \u00fanico pelo fato de abordar, de forma pioneira, o conjunto de medidas aplicadas pela seguran\u00e7a p\u00fablica do Estado do Rio de Janeiro para o enfrentamento do crime organizado no Complexo de Favelas do Alem\u00e3o, com olhar atento para o ineditismo da integra\u00e7\u00e3o operacional das for\u00e7as estaduais com as For\u00e7as federais, a utiliza\u00e7\u00e3o de blindados em apoio \u00e0s opera\u00e7\u00f5es de incurs\u00e3o, a formata\u00e7\u00e3o e a consolida\u00e7\u00e3o do modelo de for\u00e7a de ocupa\u00e7\u00e3o, os impactos pol\u00edticos, econ\u00f4micos e sociais refletidos na m\u00eddia e na sociedade.<\/p>\n","protected":false},"excerpt":{"rendered":"<p>Jos\u00e9 Ivan Schelavin Maison d&#8217;\u00e9dition\u00a0Conceito Editorial Overview: O autor constr\u00f3i em seu texto, habilmente, um quadro muito rico de informa\u00e7\u00f5es e dados sobre as origens, a evolu\u00e7\u00e3o e a caracteriza\u00e7\u00e3o das fac\u00e7\u00f5es criminosas, especialmente, na cidade do Rio de Janeiro. Consegue, assim, demonstrar ao leitor um retrato verdadeiro dos fen\u00f4menos crimin\u00f3genos que avan\u00e7am sobre esferas de poder paralelo, assim como o seu peculiar com organiza\u00e7\u00f5es criminosas de outras partes do&hellip; <\/p>\n","protected":false},"author":3,"featured_media":12723,"comment_status":"open","ping_status":"closed","sticky":false,"template":"","format":"standard","meta":{"footnotes":""},"categories":[6,25],"tags":[],"class_list":["post-12722","post","type-post","status-publish","format-standard","has-post-thumbnail","hentry","category-livros","category-seguranca-publica-e-defesa"],"views":561,"_links":{"self":[{"href":"https:\/\/www.bibliotecadeseguranca.com.br\/fr\/wp-json\/wp\/v2\/posts\/12722","targetHints":{"allow":["GET"]}}],"collection":[{"href":"https:\/\/www.bibliotecadeseguranca.com.br\/fr\/wp-json\/wp\/v2\/posts"}],"about":[{"href":"https:\/\/www.bibliotecadeseguranca.com.br\/fr\/wp-json\/wp\/v2\/types\/post"}],"author":[{"embeddable":true,"href":"https:\/\/www.bibliotecadeseguranca.com.br\/fr\/wp-json\/wp\/v2\/users\/3"}],"replies":[{"embeddable":true,"href":"https:\/\/www.bibliotecadeseguranca.com.br\/fr\/wp-json\/wp\/v2\/comments?post=12722"}],"version-history":[{"count":1,"href":"https:\/\/www.bibliotecadeseguranca.com.br\/fr\/wp-json\/wp\/v2\/posts\/12722\/revisions"}],"predecessor-version":[{"id":12724,"href":"https:\/\/www.bibliotecadeseguranca.com.br\/fr\/wp-json\/wp\/v2\/posts\/12722\/revisions\/12724"}],"wp:featuredmedia":[{"embeddable":true,"href":"https:\/\/www.bibliotecadeseguranca.com.br\/fr\/wp-json\/wp\/v2\/media\/12723"}],"wp:attachment":[{"href":"https:\/\/www.bibliotecadeseguranca.com.br\/fr\/wp-json\/wp\/v2\/media?parent=12722"}],"wp:term":[{"taxonomy":"category","embeddable":true,"href":"https:\/\/www.bibliotecadeseguranca.com.br\/fr\/wp-json\/wp\/v2\/categories?post=12722"},{"taxonomy":"post_tag","embeddable":true,"href":"https:\/\/www.bibliotecadeseguranca.com.br\/fr\/wp-json\/wp\/v2\/tags?post=12722"}],"curies":[{"name":"wp","href":"https:\/\/api.w.org\/{rel}","templated":true}]}}