{"id":12686,"date":"2015-11-12T13:00:31","date_gmt":"2015-11-12T16:00:31","guid":{"rendered":"http:\/\/www.bibliotecadeseguranca.com.br\/fr\/?p=12686"},"modified":"2015-11-12T09:45:57","modified_gmt":"2015-11-12T12:45:57","slug":"guia-de-orientacoes-ao-gestor-em-seguranca-da-informacao-e-comunicacoes","status":"publish","type":"post","link":"https:\/\/www.bibliotecadeseguranca.com.br\/fr\/livros\/guia-de-orientacoes-ao-gestor-em-seguranca-da-informacao-e-comunicacoes\/","title":{"rendered":"Guia de Orienta\u00e7\u00f5es ao Gestor em Seguran\u00e7a da Informa\u00e7\u00e3o e Comunica\u00e7\u00f5es"},"content":{"rendered":"<p><span style=\"color: #003366;\"><strong><img loading=\"lazy\" decoding=\"async\" class=\"alignleft size-full wp-image-12687\" src=\"http:\/\/www.bibliotecadeseguranca.com.br\/fr\/wp-content\/uploads\/2015\/11\/Guia-de-Orientacoes-ao-Gestor-em-Seguranca-da-Informacao-e-Comunicacoes.jpg\" alt=\"Guia de Orienta\u00e7\u00f5es ao Gestor em Seguran\u00e7a da Informa\u00e7\u00e3o e Comunica\u00e7\u00f5es\" width=\"145\" height=\"205\" srcset=\"https:\/\/www.bibliotecadeseguranca.com.br\/fr\/wp-content\/uploads\/2015\/11\/Guia-de-Orientacoes-ao-Gestor-em-Seguranca-da-Informacao-e-Comunicacoes.jpg 145w, https:\/\/www.bibliotecadeseguranca.com.br\/fr\/wp-content\/uploads\/2015\/11\/Guia-de-Orientacoes-ao-Gestor-em-Seguranca-da-Informacao-e-Comunicacoes-106x150.jpg 106w\" sizes=\"auto, (max-width: 145px) 100vw, 145px\" \/>Maison d&#8217;\u00e9dition\u00a0Gabinete de Seguran\u00e7a Institucional (GSI\/PR)<\/strong><\/span><\/p>\n<p><span style=\"color: #003366;\"><strong>R\u00e9sum\u00e9:<\/strong><\/span> As diretrizes e metas relacionadas ao tema Seguran\u00e7a da Informa\u00e7\u00e3o de Comunica\u00e7\u00f5es (SIC) no planejamento estrat\u00e9gico de cada \u00f3rg\u00e3o e entidade da Administra\u00e7\u00e3o P\u00fablica Federal (APF), com o objetivo de promover e motivar a cria\u00e7\u00e3o de uma cultura de seguran\u00e7a da informa\u00e7\u00e3o, bem como implementar e manter os controles de seguran\u00e7a adequados devem fazer parte da agenda estrat\u00e9gica do Estado brasileiro.<\/p>\n<p>A informa\u00e7\u00e3o tornou-se um recurso crescente e de fundamental import\u00e2ncia na execu\u00e7\u00e3o das atividades do governo brasileiro. Neste sentido, a informa\u00e7\u00e3o e o conhecimento sobre quest\u00f5es relativas \u00e0 SIC s\u00e3o fatores determinantes para a efici\u00eancia da gest\u00e3o dos \u00f3rg\u00e3os e entidades da APF.<\/p>\n<p><a href=\"http:\/\/www.bibliotecadeseguranca.com.br\/wp-content\/uploads\/2015\/11\/guia-do-gestor-gsi-pr.pdf\" target=\"_blank\"><img loading=\"lazy\" decoding=\"async\" class=\"alignleft wp-image-12143 size-full\" src=\"http:\/\/www.bibliotecadeseguranca.com.br\/fr\/wp-content\/uploads\/2015\/03\/download_fr.gif\" alt=\"T\u00e9l\u00e9charger\" width=\"107\" height=\"25\" \/><\/a><\/p>\n","protected":false},"excerpt":{"rendered":"<p>Maison d&#8217;\u00e9dition\u00a0Gabinete de Seguran\u00e7a Institucional (GSI\/PR) R\u00e9sum\u00e9: As diretrizes e metas relacionadas ao tema Seguran\u00e7a da Informa\u00e7\u00e3o de Comunica\u00e7\u00f5es (SIC) no planejamento estrat\u00e9gico de cada \u00f3rg\u00e3o e entidade da Administra\u00e7\u00e3o P\u00fablica Federal (APF), com o objetivo de promover e motivar a cria\u00e7\u00e3o de uma cultura de seguran\u00e7a da informa\u00e7\u00e3o, bem como implementar e manter os controles de seguran\u00e7a adequados devem fazer parte da agenda estrat\u00e9gica do Estado brasileiro. A informa\u00e7\u00e3o&hellip; <\/p>\n","protected":false},"author":3,"featured_media":12687,"comment_status":"open","ping_status":"closed","sticky":false,"template":"","format":"standard","meta":{"footnotes":""},"categories":[6,20,112],"tags":[],"class_list":["post-12686","post","type-post","status-publish","format-standard","has-post-thumbnail","hentry","category-livros","category-seguranca-da-informacao","category-download"],"views":416,"_links":{"self":[{"href":"https:\/\/www.bibliotecadeseguranca.com.br\/fr\/wp-json\/wp\/v2\/posts\/12686","targetHints":{"allow":["GET"]}}],"collection":[{"href":"https:\/\/www.bibliotecadeseguranca.com.br\/fr\/wp-json\/wp\/v2\/posts"}],"about":[{"href":"https:\/\/www.bibliotecadeseguranca.com.br\/fr\/wp-json\/wp\/v2\/types\/post"}],"author":[{"embeddable":true,"href":"https:\/\/www.bibliotecadeseguranca.com.br\/fr\/wp-json\/wp\/v2\/users\/3"}],"replies":[{"embeddable":true,"href":"https:\/\/www.bibliotecadeseguranca.com.br\/fr\/wp-json\/wp\/v2\/comments?post=12686"}],"version-history":[{"count":1,"href":"https:\/\/www.bibliotecadeseguranca.com.br\/fr\/wp-json\/wp\/v2\/posts\/12686\/revisions"}],"predecessor-version":[{"id":12688,"href":"https:\/\/www.bibliotecadeseguranca.com.br\/fr\/wp-json\/wp\/v2\/posts\/12686\/revisions\/12688"}],"wp:featuredmedia":[{"embeddable":true,"href":"https:\/\/www.bibliotecadeseguranca.com.br\/fr\/wp-json\/wp\/v2\/media\/12687"}],"wp:attachment":[{"href":"https:\/\/www.bibliotecadeseguranca.com.br\/fr\/wp-json\/wp\/v2\/media?parent=12686"}],"wp:term":[{"taxonomy":"category","embeddable":true,"href":"https:\/\/www.bibliotecadeseguranca.com.br\/fr\/wp-json\/wp\/v2\/categories?post=12686"},{"taxonomy":"post_tag","embeddable":true,"href":"https:\/\/www.bibliotecadeseguranca.com.br\/fr\/wp-json\/wp\/v2\/tags?post=12686"}],"curies":[{"name":"wp","href":"https:\/\/api.w.org\/{rel}","templated":true}]}}