{"id":12667,"date":"2015-11-05T13:00:24","date_gmt":"2015-11-05T16:00:24","guid":{"rendered":"http:\/\/www.bibliotecadeseguranca.com.br\/fr\/?p=12667"},"modified":"2015-11-05T09:05:38","modified_gmt":"2015-11-05T12:05:38","slug":"investigacao-criminal-conduzida-por-delegado-de-policia","status":"publish","type":"post","link":"https:\/\/www.bibliotecadeseguranca.com.br\/fr\/livros\/investigacao-criminal-conduzida-por-delegado-de-policia\/","title":{"rendered":"Investiga\u00e7\u00e3o Criminal Conduzida por Delegado de Pol\u00edcia"},"content":{"rendered":"<p><span style=\"color: #003366;\"><strong><img loading=\"lazy\" decoding=\"async\" class=\"alignleft size-full wp-image-12668\" src=\"http:\/\/www.bibliotecadeseguranca.com.br\/fr\/wp-content\/uploads\/2015\/11\/Investigacao-Criminal-Conduzida-por-Delegado-de-Policia.jpg\" alt=\"Investiga\u00e7\u00e3o Criminal Conduzida por Delegado de Pol\u00edcia\" width=\"145\" height=\"208\" srcset=\"https:\/\/www.bibliotecadeseguranca.com.br\/fr\/wp-content\/uploads\/2015\/11\/Investigacao-Criminal-Conduzida-por-Delegado-de-Policia.jpg 145w, https:\/\/www.bibliotecadeseguranca.com.br\/fr\/wp-content\/uploads\/2015\/11\/Investigacao-Criminal-Conduzida-por-Delegado-de-Policia-105x150.jpg 105w\" sizes=\"auto, (max-width: 145px) 100vw, 145px\" \/>Eliomar da Silva Pereira, Sandro Lucio Dezan<\/strong><\/span><\/p>\n<p><span style=\"color: #003366;\"><strong>Maison d&#8217;\u00e9dition\u00a0Juru\u00e1<\/strong><\/span><\/p>\n<p><span style=\"color: #003366;\"><strong>R\u00e9sum\u00e9:<\/strong><\/span> A Lei n\u00ba 12.830, de 20 de junho de 2013, n\u00e3o disciplina todo o regime jur\u00eddico da investiga\u00e7\u00e3o criminal. Contudo, a partir dela \u00e9 poss\u00edvel uma interpreta\u00e7\u00e3o atualizada e geral das diversas leis nacionais que tratam da investiga\u00e7\u00e3o no Brasil, por se tratar certamente da lei fundamental mais recente que disp\u00f5e sobre o tema, em torno da atividade jur\u00eddica do Delegado de Pol\u00edcia como autoridade investigante condutora. Por tais raz\u00f5es, a presente obra oferece um modelo particularmente diverso de coment\u00e1rios do que se costuma encontrar. Dividimos cada artigo em caput e par\u00e1grafo da lei entre autores diversos e especialistas em suas respectivas \u00e1reas, que, a partir do tema central de seu dispositivo normativo, desenvolveram artigos cient\u00edficos com sum\u00e1rio e bibliografia pr\u00f3prios, abordando por vezes temas correlatos que se encontram em mais de um coment\u00e1rio. O livro \u00e9 indicado n\u00e3o s\u00f3 a candidatos que pretendem concorrer a cargos p\u00fablicos de Delegado de Pol\u00edcia (Federal ou Civil), mas tamb\u00e9m \u00e0queles que, j\u00e1 no exerc\u00edcio da autoridade policial judici\u00e1ria, precisam de uma base doutrin\u00e1ria desenvolvida por autores que, al\u00e9m de serem Delegados de Pol\u00edcia, s\u00e3o mestres ou doutores que continuam a desenvolver estudos nessa \u00e1rea do conhecimento jur\u00eddico para a qual a doutrina tradicional tem dado pouca aten\u00e7\u00e3o.<\/p>\n","protected":false},"excerpt":{"rendered":"<p>Eliomar da Silva Pereira, Sandro Lucio Dezan Maison d&#8217;\u00e9dition\u00a0Juru\u00e1 R\u00e9sum\u00e9: A Lei n\u00ba 12.830, de 20 de junho de 2013, n\u00e3o disciplina todo o regime jur\u00eddico da investiga\u00e7\u00e3o criminal. Contudo, a partir dela \u00e9 poss\u00edvel uma interpreta\u00e7\u00e3o atualizada e geral das diversas leis nacionais que tratam da investiga\u00e7\u00e3o no Brasil, por se tratar certamente da lei fundamental mais recente que disp\u00f5e sobre o tema, em torno da atividade jur\u00eddica do&hellip; <\/p>\n","protected":false},"author":3,"featured_media":12668,"comment_status":"open","ping_status":"closed","sticky":false,"template":"","format":"standard","meta":{"footnotes":""},"categories":[10,15,6,25],"tags":[],"class_list":["post-12667","post","type-post","status-publish","format-standard","has-post-thumbnail","hentry","category-crime-violencia-e-criminologia","category-fraude-e-investigacao","category-livros","category-seguranca-publica-e-defesa"],"views":303,"_links":{"self":[{"href":"https:\/\/www.bibliotecadeseguranca.com.br\/fr\/wp-json\/wp\/v2\/posts\/12667","targetHints":{"allow":["GET"]}}],"collection":[{"href":"https:\/\/www.bibliotecadeseguranca.com.br\/fr\/wp-json\/wp\/v2\/posts"}],"about":[{"href":"https:\/\/www.bibliotecadeseguranca.com.br\/fr\/wp-json\/wp\/v2\/types\/post"}],"author":[{"embeddable":true,"href":"https:\/\/www.bibliotecadeseguranca.com.br\/fr\/wp-json\/wp\/v2\/users\/3"}],"replies":[{"embeddable":true,"href":"https:\/\/www.bibliotecadeseguranca.com.br\/fr\/wp-json\/wp\/v2\/comments?post=12667"}],"version-history":[{"count":1,"href":"https:\/\/www.bibliotecadeseguranca.com.br\/fr\/wp-json\/wp\/v2\/posts\/12667\/revisions"}],"predecessor-version":[{"id":12669,"href":"https:\/\/www.bibliotecadeseguranca.com.br\/fr\/wp-json\/wp\/v2\/posts\/12667\/revisions\/12669"}],"wp:featuredmedia":[{"embeddable":true,"href":"https:\/\/www.bibliotecadeseguranca.com.br\/fr\/wp-json\/wp\/v2\/media\/12668"}],"wp:attachment":[{"href":"https:\/\/www.bibliotecadeseguranca.com.br\/fr\/wp-json\/wp\/v2\/media?parent=12667"}],"wp:term":[{"taxonomy":"category","embeddable":true,"href":"https:\/\/www.bibliotecadeseguranca.com.br\/fr\/wp-json\/wp\/v2\/categories?post=12667"},{"taxonomy":"post_tag","embeddable":true,"href":"https:\/\/www.bibliotecadeseguranca.com.br\/fr\/wp-json\/wp\/v2\/tags?post=12667"}],"curies":[{"name":"wp","href":"https:\/\/api.w.org\/{rel}","templated":true}]}}