{"id":12629,"date":"2015-10-19T13:00:34","date_gmt":"2015-10-19T16:00:34","guid":{"rendered":"http:\/\/www.bibliotecadeseguranca.com.br\/fr\/?p=12629"},"modified":"2015-10-19T11:02:29","modified_gmt":"2015-10-19T14:02:29","slug":"gestao-de-pessoas-modelo-processos-tendencias-e-perspectivas","status":"publish","type":"post","link":"https:\/\/www.bibliotecadeseguranca.com.br\/fr\/livros\/gestao-de-pessoas-modelo-processos-tendencias-e-perspectivas\/","title":{"rendered":"Gest\u00e3o de Pessoas: Modelo, Processos, Tend\u00eancias e Perspectivas"},"content":{"rendered":"<p><span style=\"color: #003366;\"><strong><img loading=\"lazy\" decoding=\"async\" class=\"alignleft size-full wp-image-12630\" src=\"http:\/\/www.bibliotecadeseguranca.com.br\/fr\/wp-content\/uploads\/2015\/10\/Gestao-de-Pessoas-Modelo-Processos-Tendencias-e-Perspectivas.jpg\" alt=\"Gest\u00e3o de Pessoas: Modelo, Processos, Tend\u00eancias e Perspectivas\" width=\"145\" height=\"204\" srcset=\"https:\/\/www.bibliotecadeseguranca.com.br\/fr\/wp-content\/uploads\/2015\/10\/Gestao-de-Pessoas-Modelo-Processos-Tendencias-e-Perspectivas.jpg 145w, https:\/\/www.bibliotecadeseguranca.com.br\/fr\/wp-content\/uploads\/2015\/10\/Gestao-de-Pessoas-Modelo-Processos-Tendencias-e-Perspectivas-107x150.jpg 107w\" sizes=\"auto, (max-width: 145px) 100vw, 145px\" \/>Joel Souza Dutra<\/strong><\/span><\/p>\n<p><span style=\"color: #003366;\"><strong>Maison d&#8217;\u00e9dition\u00a0Atlas<\/strong><\/span><\/p>\n<p><span style=\"color: #003366;\"><strong>R\u00e9sum\u00e9:<\/strong><\/span> Com uma abordagem que tem como base as transforma\u00e7\u00f5es causadas por grandes mudan\u00e7as na organiza\u00e7\u00e3o do trabalho, no relacionamento entre as organiza\u00e7\u00f5es e pessoas e no comportamento do mercado de trabalho verificados nos \u00faltimos anos, este livro sintetiza um conjunto de experi\u00eancias, pesquisas e contribui\u00e7\u00f5es desenvolvidas ao longo dos \u00faltimos anos na busca de um modelo de gest\u00e3o de pessoas que atenda \u00e0s necessidades da empresa moderna.<\/p>\n<p>O texto sistematiza os trabalhos desenvolvidos segundo uma nova perspectiva de gest\u00e3o de pessoas, que leva em considera\u00e7\u00e3o o ambiente em que a empresa se insere, em situa\u00e7\u00f5es de globaliza\u00e7\u00e3o, turbul\u00eancia crescente, maior complexidade das arquiteturas organizacionais e das rela\u00e7\u00f5es comerciais e maior valor agregado dos produtos e servi\u00e7os.<\/p>\n<p>A obra est\u00e1 estruturada em tr\u00eas partes. Apresenta inicialmente o pano de fundo em que uma nova proposta de gest\u00e3o de pessoas nasce e os principais conceitos e premissas que sustentam essa proposta. Em seguida, aborda as partes componentes do modelo de gest\u00e3o de pessoas, tratando dos conceitos aplicados e das ferramentas deles derivadas. Discute na parte final o futuro da gest\u00e3o de pessoas, apontando algumas tend\u00eancias e perspectivas para a gest\u00e3o de pessoas no mundo ocidental e para o Brasil em particular.<\/p>\n<p>Livro-texto para as disciplinas GEST\u00c3O DE PESSOAS e ADMININTRA\u00c7\u00c3O DE RECURSOS HUMANOS dos cursos de Administra\u00e7\u00e3o. Indicando para profissionais envolvidos na gest\u00e3o de pessoas e todos os que estejam pensando ou repensando suas carreiras profissionais.<\/p>\n","protected":false},"excerpt":{"rendered":"<p>Joel Souza Dutra Maison d&#8217;\u00e9dition\u00a0Atlas R\u00e9sum\u00e9: Com uma abordagem que tem como base as transforma\u00e7\u00f5es causadas por grandes mudan\u00e7as na organiza\u00e7\u00e3o do trabalho, no relacionamento entre as organiza\u00e7\u00f5es e pessoas e no comportamento do mercado de trabalho verificados nos \u00faltimos anos, este livro sintetiza um conjunto de experi\u00eancias, pesquisas e contribui\u00e7\u00f5es desenvolvidas ao longo dos \u00faltimos anos na busca de um modelo de gest\u00e3o de pessoas que atenda \u00e0s necessidades&hellip; <\/p>\n","protected":false},"author":3,"featured_media":12630,"comment_status":"open","ping_status":"closed","sticky":false,"template":"","format":"standard","meta":{"footnotes":""},"categories":[14,6],"tags":[],"class_list":["post-12629","post","type-post","status-publish","format-standard","has-post-thumbnail","hentry","category-administracao-e-estrategia-empresarial","category-livros"],"views":412,"_links":{"self":[{"href":"https:\/\/www.bibliotecadeseguranca.com.br\/fr\/wp-json\/wp\/v2\/posts\/12629","targetHints":{"allow":["GET"]}}],"collection":[{"href":"https:\/\/www.bibliotecadeseguranca.com.br\/fr\/wp-json\/wp\/v2\/posts"}],"about":[{"href":"https:\/\/www.bibliotecadeseguranca.com.br\/fr\/wp-json\/wp\/v2\/types\/post"}],"author":[{"embeddable":true,"href":"https:\/\/www.bibliotecadeseguranca.com.br\/fr\/wp-json\/wp\/v2\/users\/3"}],"replies":[{"embeddable":true,"href":"https:\/\/www.bibliotecadeseguranca.com.br\/fr\/wp-json\/wp\/v2\/comments?post=12629"}],"version-history":[{"count":1,"href":"https:\/\/www.bibliotecadeseguranca.com.br\/fr\/wp-json\/wp\/v2\/posts\/12629\/revisions"}],"predecessor-version":[{"id":12631,"href":"https:\/\/www.bibliotecadeseguranca.com.br\/fr\/wp-json\/wp\/v2\/posts\/12629\/revisions\/12631"}],"wp:featuredmedia":[{"embeddable":true,"href":"https:\/\/www.bibliotecadeseguranca.com.br\/fr\/wp-json\/wp\/v2\/media\/12630"}],"wp:attachment":[{"href":"https:\/\/www.bibliotecadeseguranca.com.br\/fr\/wp-json\/wp\/v2\/media?parent=12629"}],"wp:term":[{"taxonomy":"category","embeddable":true,"href":"https:\/\/www.bibliotecadeseguranca.com.br\/fr\/wp-json\/wp\/v2\/categories?post=12629"},{"taxonomy":"post_tag","embeddable":true,"href":"https:\/\/www.bibliotecadeseguranca.com.br\/fr\/wp-json\/wp\/v2\/tags?post=12629"}],"curies":[{"name":"wp","href":"https:\/\/api.w.org\/{rel}","templated":true}]}}