{"id":12616,"date":"2015-10-13T14:00:46","date_gmt":"2015-10-13T17:00:46","guid":{"rendered":"http:\/\/www.bibliotecadeseguranca.com.br\/fr\/?p=12616"},"modified":"2015-10-13T13:09:30","modified_gmt":"2015-10-13T16:09:30","slug":"estrategia-de-seguranca-da-informacao-e-comunicacoes-e-de-seguranca-cibernetica-da-administracao-publica-federal","status":"publish","type":"post","link":"https:\/\/www.bibliotecadeseguranca.com.br\/fr\/livros\/seguranca-da-informacao\/estrategia-de-seguranca-da-informacao-e-comunicacoes-e-de-seguranca-cibernetica-da-administracao-publica-federal\/","title":{"rendered":"Estrat\u00e9gia de Seguran\u00e7a da Informa\u00e7\u00e3o e Comunica\u00e7\u00f5es e de Seguran\u00e7a Cibern\u00e9tica da Administra\u00e7\u00e3o P\u00fablica Federal"},"content":{"rendered":"<p><span style=\"color: #003366;\"><strong><img loading=\"lazy\" decoding=\"async\" class=\"alignleft size-full wp-image-12617\" src=\"http:\/\/www.bibliotecadeseguranca.com.br\/fr\/wp-content\/uploads\/2015\/10\/Estrategia-de-Seguranca-da-Inforamcao-e-Comunicacoes.jpg\" alt=\"Estrat\u00e9gia de Seguran\u00e7a da Informa\u00e7\u00e3o e Comunica\u00e7\u00f5es e de Seguran\u00e7a Cibern\u00e9tica da Administra\u00e7\u00e3o P\u00fablica Federal\" width=\"145\" height=\"174\" srcset=\"https:\/\/www.bibliotecadeseguranca.com.br\/fr\/wp-content\/uploads\/2015\/10\/Estrategia-de-Seguranca-da-Inforamcao-e-Comunicacoes.jpg 145w, https:\/\/www.bibliotecadeseguranca.com.br\/fr\/wp-content\/uploads\/2015\/10\/Estrategia-de-Seguranca-da-Inforamcao-e-Comunicacoes-125x150.jpg 125w\" sizes=\"auto, (max-width: 145px) 100vw, 145px\" \/>Maison d &#8216;\u00e9dition Departamento de Seguran\u00e7a da Informa\u00e7\u00e3o e Comunica\u00e7\u00f5es<\/strong><\/span><\/p>\n<p><span style=\"color: #003366;\"><strong>R\u00e9sum\u00e9:<\/strong><\/span> Este instrumento de apoio ao planejamento estrat\u00e9gico governamental complementa a Instru\u00e7\u00e3o Normativa GSI\/PR 01\/2008, re\u00fane um conjunto de objetivos estrat\u00e9gicos e metas para os pr\u00f3ximos quatro anos, e visa a busca da excel\u00eancia da Seguran\u00e7a da Informa\u00e7\u00e3o e Comunica\u00e7\u00f5es (SIC) e da Seguran\u00e7a Cibern\u00e9tica (SegCiber) no \u00e2mbito da Administra\u00e7\u00e3o P\u00fablica Federal (APF) do Pa\u00eds, contemplando relevantes aspectos, dada a complexidade e a din\u00e2mica de tais temas no cen\u00e1rio atual, nacional e mundial.<\/p>\n<p><a href=\"http:\/\/www.bibliotecadeseguranca.com.br\/wp-content\/uploads\/2015\/10\/4_Estrategia_de_SIC.pdf\" target=\"_blank\"><img loading=\"lazy\" decoding=\"async\" class=\"alignleft wp-image-12143 size-full\" src=\"http:\/\/www.bibliotecadeseguranca.com.br\/fr\/wp-content\/uploads\/2015\/03\/download_fr.gif\" alt=\"T\u00e9l\u00e9charger\" width=\"107\" height=\"25\" \/><\/a><\/p>\n","protected":false},"excerpt":{"rendered":"<p>Maison d &#8216;\u00e9dition Departamento de Seguran\u00e7a da Informa\u00e7\u00e3o e Comunica\u00e7\u00f5es R\u00e9sum\u00e9: Este instrumento de apoio ao planejamento estrat\u00e9gico governamental complementa a Instru\u00e7\u00e3o Normativa GSI\/PR 01\/2008, re\u00fane um conjunto de objetivos estrat\u00e9gicos e metas para os pr\u00f3ximos quatro anos, e visa a busca da excel\u00eancia da Seguran\u00e7a da Informa\u00e7\u00e3o e Comunica\u00e7\u00f5es (SIC) e da Seguran\u00e7a Cibern\u00e9tica (SegCiber) no \u00e2mbito da Administra\u00e7\u00e3o P\u00fablica Federal (APF) do Pa\u00eds, contemplando relevantes aspectos, dada a&hellip; <\/p>\n","protected":false},"author":3,"featured_media":12617,"comment_status":"open","ping_status":"closed","sticky":false,"template":"","format":"standard","meta":{"footnotes":""},"categories":[20,112],"tags":[],"class_list":["post-12616","post","type-post","status-publish","format-standard","has-post-thumbnail","hentry","category-seguranca-da-informacao","category-download"],"views":240,"_links":{"self":[{"href":"https:\/\/www.bibliotecadeseguranca.com.br\/fr\/wp-json\/wp\/v2\/posts\/12616","targetHints":{"allow":["GET"]}}],"collection":[{"href":"https:\/\/www.bibliotecadeseguranca.com.br\/fr\/wp-json\/wp\/v2\/posts"}],"about":[{"href":"https:\/\/www.bibliotecadeseguranca.com.br\/fr\/wp-json\/wp\/v2\/types\/post"}],"author":[{"embeddable":true,"href":"https:\/\/www.bibliotecadeseguranca.com.br\/fr\/wp-json\/wp\/v2\/users\/3"}],"replies":[{"embeddable":true,"href":"https:\/\/www.bibliotecadeseguranca.com.br\/fr\/wp-json\/wp\/v2\/comments?post=12616"}],"version-history":[{"count":1,"href":"https:\/\/www.bibliotecadeseguranca.com.br\/fr\/wp-json\/wp\/v2\/posts\/12616\/revisions"}],"predecessor-version":[{"id":12618,"href":"https:\/\/www.bibliotecadeseguranca.com.br\/fr\/wp-json\/wp\/v2\/posts\/12616\/revisions\/12618"}],"wp:featuredmedia":[{"embeddable":true,"href":"https:\/\/www.bibliotecadeseguranca.com.br\/fr\/wp-json\/wp\/v2\/media\/12617"}],"wp:attachment":[{"href":"https:\/\/www.bibliotecadeseguranca.com.br\/fr\/wp-json\/wp\/v2\/media?parent=12616"}],"wp:term":[{"taxonomy":"category","embeddable":true,"href":"https:\/\/www.bibliotecadeseguranca.com.br\/fr\/wp-json\/wp\/v2\/categories?post=12616"},{"taxonomy":"post_tag","embeddable":true,"href":"https:\/\/www.bibliotecadeseguranca.com.br\/fr\/wp-json\/wp\/v2\/tags?post=12616"}],"curies":[{"name":"wp","href":"https:\/\/api.w.org\/{rel}","templated":true}]}}