{"id":12472,"date":"2015-08-18T14:00:20","date_gmt":"2015-08-18T17:00:20","guid":{"rendered":"http:\/\/www.bibliotecadeseguranca.com.br\/fr\/?p=12472"},"modified":"2015-08-18T13:28:44","modified_gmt":"2015-08-18T16:28:44","slug":"mantenha-se-a-frente-do-crime-cibernetico","status":"publish","type":"post","link":"https:\/\/www.bibliotecadeseguranca.com.br\/fr\/livros\/mantenha-se-a-frente-do-crime-cibernetico\/","title":{"rendered":"Mantenha-se \u00e0 Frente do Crime Cibern\u00e9tico"},"content":{"rendered":"<p><span style=\"color: #003366;\"><strong><img loading=\"lazy\" decoding=\"async\" class=\"alignleft size-full wp-image-12473\" src=\"http:\/\/www.bibliotecadeseguranca.com.br\/fr\/wp-content\/uploads\/2015\/08\/mantenha-se-a-frente-do-crime-cibernetico.jpg\" alt=\"Mantenha-se \u00e0 Frente do Crime Cibern\u00e9tico\" width=\"145\" height=\"205\" srcset=\"https:\/\/www.bibliotecadeseguranca.com.br\/fr\/wp-content\/uploads\/2015\/08\/mantenha-se-a-frente-do-crime-cibernetico.jpg 145w, https:\/\/www.bibliotecadeseguranca.com.br\/fr\/wp-content\/uploads\/2015\/08\/mantenha-se-a-frente-do-crime-cibernetico-106x150.jpg 106w\" sizes=\"auto, (max-width: 145px) 100vw, 145px\" \/>Maison d&#8217;\u00e9dition\u00a0Ernst &amp; Young<\/strong><\/span><\/p>\n<p><span style=\"color: #003366;\"><strong>R\u00e9sum\u00e9:<\/strong><\/span> Antecipar-se aos ataques cibern\u00e9ticos \u00e9 a \u00fanica forma de colocar-se \u00e0 frente dos criminosos cibern\u00e9ticos. Essa \u00e9 a nossa mensagem hoje para as empresas de todo o mundo, baseada nas respostas de 1.825 organiza\u00e7\u00f5es \u00e0 nossa 17\u00aa Global Information Security Survey \u2013 GISS (em portugu\u00eas, Pesquisa Global de Seguran\u00e7a da Informa\u00e7\u00e3o), que neste ano foca na maneira como as organiza\u00e7\u00f5es est\u00e3o administrando as amea\u00e7as cibern\u00e9ticas e o que elas precisam fazer para se manter \u00e0 frente de a\u00e7\u00f5es criminosas.<\/p>\n<p>Reportagens na m\u00eddia ilustram frequentemente que as amea\u00e7as cibern\u00e9ticas est\u00e3o elevando seus n\u00edveis de persist\u00eancia, sofistica\u00e7\u00e3o e organiza\u00e7\u00e3o; e os preju\u00edzos<br \/>\ncausados por esses ataques podem impactar fortemente os neg\u00f3cios. Como abordamos no relat\u00f3rio da GISS de 2013, mesmo n\u00e3o tendo ainda vivido a experi\u00eancia de um ataque cibern\u00e9tico, voc\u00ea deve assumir que a sua organiza\u00e7\u00e3o ser\u00e1 um alvo, ou at\u00e9 que a sua seguran\u00e7a j\u00e1 foi violada.<\/p>\n<p><a href=\"http:\/\/www.bibliotecadeseguranca.com.br\/wp-content\/uploads\/2015\/08\/cybercrimegiss_pt_lr_2015.pdf\" target=\"_blank\"><img loading=\"lazy\" decoding=\"async\" class=\"alignleft wp-image-12143 size-full\" src=\"http:\/\/www.bibliotecadeseguranca.com.br\/fr\/wp-content\/uploads\/2015\/03\/download_fr.gif\" alt=\"T\u00e9l\u00e9charger\" width=\"107\" height=\"25\" \/><\/a><\/p>\n","protected":false},"excerpt":{"rendered":"<p>Maison d&#8217;\u00e9dition\u00a0Ernst &amp; Young R\u00e9sum\u00e9: Antecipar-se aos ataques cibern\u00e9ticos \u00e9 a \u00fanica forma de colocar-se \u00e0 frente dos criminosos cibern\u00e9ticos. Essa \u00e9 a nossa mensagem hoje para as empresas de todo o mundo, baseada nas respostas de 1.825 organiza\u00e7\u00f5es \u00e0 nossa 17\u00aa Global Information Security Survey \u2013 GISS (em portugu\u00eas, Pesquisa Global de Seguran\u00e7a da Informa\u00e7\u00e3o), que neste ano foca na maneira como as organiza\u00e7\u00f5es est\u00e3o administrando as amea\u00e7as cibern\u00e9ticas&hellip; <\/p>\n","protected":false},"author":3,"featured_media":12473,"comment_status":"open","ping_status":"closed","sticky":false,"template":"","format":"standard","meta":{"footnotes":""},"categories":[6,20,112],"tags":[],"class_list":["post-12472","post","type-post","status-publish","format-standard","has-post-thumbnail","hentry","category-livros","category-seguranca-da-informacao","category-download"],"views":400,"_links":{"self":[{"href":"https:\/\/www.bibliotecadeseguranca.com.br\/fr\/wp-json\/wp\/v2\/posts\/12472","targetHints":{"allow":["GET"]}}],"collection":[{"href":"https:\/\/www.bibliotecadeseguranca.com.br\/fr\/wp-json\/wp\/v2\/posts"}],"about":[{"href":"https:\/\/www.bibliotecadeseguranca.com.br\/fr\/wp-json\/wp\/v2\/types\/post"}],"author":[{"embeddable":true,"href":"https:\/\/www.bibliotecadeseguranca.com.br\/fr\/wp-json\/wp\/v2\/users\/3"}],"replies":[{"embeddable":true,"href":"https:\/\/www.bibliotecadeseguranca.com.br\/fr\/wp-json\/wp\/v2\/comments?post=12472"}],"version-history":[{"count":1,"href":"https:\/\/www.bibliotecadeseguranca.com.br\/fr\/wp-json\/wp\/v2\/posts\/12472\/revisions"}],"predecessor-version":[{"id":12474,"href":"https:\/\/www.bibliotecadeseguranca.com.br\/fr\/wp-json\/wp\/v2\/posts\/12472\/revisions\/12474"}],"wp:featuredmedia":[{"embeddable":true,"href":"https:\/\/www.bibliotecadeseguranca.com.br\/fr\/wp-json\/wp\/v2\/media\/12473"}],"wp:attachment":[{"href":"https:\/\/www.bibliotecadeseguranca.com.br\/fr\/wp-json\/wp\/v2\/media?parent=12472"}],"wp:term":[{"taxonomy":"category","embeddable":true,"href":"https:\/\/www.bibliotecadeseguranca.com.br\/fr\/wp-json\/wp\/v2\/categories?post=12472"},{"taxonomy":"post_tag","embeddable":true,"href":"https:\/\/www.bibliotecadeseguranca.com.br\/fr\/wp-json\/wp\/v2\/tags?post=12472"}],"curies":[{"name":"wp","href":"https:\/\/api.w.org\/{rel}","templated":true}]}}