{"id":12427,"date":"2015-07-31T14:00:33","date_gmt":"2015-07-31T17:00:33","guid":{"rendered":"http:\/\/www.bibliotecadeseguranca.com.br\/fr\/?p=12427"},"modified":"2015-07-31T13:25:54","modified_gmt":"2015-07-31T16:25:54","slug":"comunicacao-empresarial-e-planos-de-comunicacao","status":"publish","type":"post","link":"https:\/\/www.bibliotecadeseguranca.com.br\/fr\/livros\/comunicacao-empresarial-e-planos-de-comunicacao\/","title":{"rendered":"Comunica\u00e7\u00e3o Empresarial e Planos de Comunica\u00e7\u00e3o"},"content":{"rendered":"<p><span style=\"color: #003366;\"><strong><img loading=\"lazy\" decoding=\"async\" class=\"alignleft size-full wp-image-12428\" src=\"http:\/\/www.bibliotecadeseguranca.com.br\/fr\/wp-content\/uploads\/2015\/07\/comunicacao-empresarial-e-planos-de-comunicacao.jpg\" alt=\"Comunica\u00e7\u00e3o Empresarial e Planos de Comunica\u00e7\u00e3o\" width=\"145\" height=\"204\" srcset=\"https:\/\/www.bibliotecadeseguranca.com.br\/fr\/wp-content\/uploads\/2015\/07\/comunicacao-empresarial-e-planos-de-comunicacao.jpg 145w, https:\/\/www.bibliotecadeseguranca.com.br\/fr\/wp-content\/uploads\/2015\/07\/comunicacao-empresarial-e-planos-de-comunicacao-107x150.jpg 107w\" sizes=\"auto, (max-width: 145px) 100vw, 145px\" \/>Maur\u00edcio Tavares<\/strong><\/span><\/p>\n<p><span style=\"color: #003366;\"><strong>Maison d&#8217;\u00e9dition\u00a0Atlas<\/strong><\/span><\/p>\n<p><span style=\"color: #003366;\"><strong>R\u00e9sum\u00e9:<\/strong><\/span>\u00a0Este livro objetiva oferecer material que possa agregar valor aos profissionais e estudantes relacionados direta ou indiretamente com as \u00e1reas de comunica\u00e7\u00e3o e marketing. O conte\u00fado trata de forma abrangente e pr\u00e1tica a comunica\u00e7\u00e3o empresarial com suas vertentes: comunica\u00e7\u00e3o interna, comunica\u00e7\u00e3o institucional e comunica\u00e7\u00e3o de marketing. \u00c9 complementado com planos de comunica\u00e7\u00e3o, do b\u00e1sico ao avan\u00e7ado. Dos planos gerais aos espec\u00edficos.<\/p>\n<p>O principal diferencial deste manual consiste em facilitar a vida de professores, estudantes e profissionais relacionados \u00e0 \u00e1rea de comunica\u00e7\u00e3o e afins, conceituar de forma did\u00e1tica os v\u00e1rios subtemas e associ\u00e1-los \u00e0 pr\u00e1tica do dia a dia das organiza\u00e7\u00f5es.<\/p>\n<p>A obra se apresenta em duas partes. Na Parte I, o tema abordado \u00e9 a comunica\u00e7\u00e3o empresarial. Nesta, os assuntos desenvolvidos foram: conceitos iniciais sobre comunica\u00e7\u00e3o e um breve hist\u00f3rico, a comunica\u00e7\u00e3o interna, a comunica\u00e7\u00e3o institucional, a comunica\u00e7\u00e3o de marketing e a comunica\u00e7\u00e3o empresarial moderna como fator de sobreviv\u00eancia empresarial.<\/p>\n<p>A Parte II traz os seguintes temas: a import\u00e2ncia do planejamento, introdu\u00e7\u00e3o ao planejamento, caracter\u00edsticas de um planejador, briefing, dicas para a apresenta\u00e7\u00e3o de um plano, modelos de planos de comunica\u00e7\u00e3o, o porqu\u00ea de os planos n\u00e3o funcionarem e dicas para a forma\u00e7\u00e3o de um plano.<\/p>\n<p>Destaca-se ainda na obra a inclus\u00e3o de quest\u00f5es para discuss\u00e3o e debate e aplica\u00e7\u00f5es pr\u00e1ticas em todos os cap\u00edtulos como forma de aprimorar o aprendizado da parte te\u00f3rica.<\/p>\n<p>Manual pr\u00e1tico destinado a profissionais da \u00e1rea de comunica\u00e7\u00e3o. Livro de consulta para estudantes interessados em comunica\u00e7\u00e3o empresarial. Leitura complementar para as disciplinas relacionadas \u00e0 comunica\u00e7\u00e3o e marketing dos cursos de Comunica\u00e7\u00e3o Social (habilita\u00e7\u00e3o em Publicidade e Propaganda, Propaganda e Marketing, Rela\u00e7\u00f5es P\u00fablicas e Jornalismo).<\/p>\n","protected":false},"excerpt":{"rendered":"<p>Maur\u00edcio Tavares Maison d&#8217;\u00e9dition\u00a0Atlas R\u00e9sum\u00e9:\u00a0Este livro objetiva oferecer material que possa agregar valor aos profissionais e estudantes relacionados direta ou indiretamente com as \u00e1reas de comunica\u00e7\u00e3o e marketing. O conte\u00fado trata de forma abrangente e pr\u00e1tica a comunica\u00e7\u00e3o empresarial com suas vertentes: comunica\u00e7\u00e3o interna, comunica\u00e7\u00e3o institucional e comunica\u00e7\u00e3o de marketing. \u00c9 complementado com planos de comunica\u00e7\u00e3o, do b\u00e1sico ao avan\u00e7ado. Dos planos gerais aos espec\u00edficos. O principal diferencial deste manual&hellip; <\/p>\n","protected":false},"author":3,"featured_media":12428,"comment_status":"open","ping_status":"closed","sticky":false,"template":"","format":"standard","meta":{"footnotes":""},"categories":[14,6],"tags":[],"class_list":["post-12427","post","type-post","status-publish","format-standard","has-post-thumbnail","hentry","category-administracao-e-estrategia-empresarial","category-livros"],"views":442,"_links":{"self":[{"href":"https:\/\/www.bibliotecadeseguranca.com.br\/fr\/wp-json\/wp\/v2\/posts\/12427","targetHints":{"allow":["GET"]}}],"collection":[{"href":"https:\/\/www.bibliotecadeseguranca.com.br\/fr\/wp-json\/wp\/v2\/posts"}],"about":[{"href":"https:\/\/www.bibliotecadeseguranca.com.br\/fr\/wp-json\/wp\/v2\/types\/post"}],"author":[{"embeddable":true,"href":"https:\/\/www.bibliotecadeseguranca.com.br\/fr\/wp-json\/wp\/v2\/users\/3"}],"replies":[{"embeddable":true,"href":"https:\/\/www.bibliotecadeseguranca.com.br\/fr\/wp-json\/wp\/v2\/comments?post=12427"}],"version-history":[{"count":1,"href":"https:\/\/www.bibliotecadeseguranca.com.br\/fr\/wp-json\/wp\/v2\/posts\/12427\/revisions"}],"predecessor-version":[{"id":12429,"href":"https:\/\/www.bibliotecadeseguranca.com.br\/fr\/wp-json\/wp\/v2\/posts\/12427\/revisions\/12429"}],"wp:featuredmedia":[{"embeddable":true,"href":"https:\/\/www.bibliotecadeseguranca.com.br\/fr\/wp-json\/wp\/v2\/media\/12428"}],"wp:attachment":[{"href":"https:\/\/www.bibliotecadeseguranca.com.br\/fr\/wp-json\/wp\/v2\/media?parent=12427"}],"wp:term":[{"taxonomy":"category","embeddable":true,"href":"https:\/\/www.bibliotecadeseguranca.com.br\/fr\/wp-json\/wp\/v2\/categories?post=12427"},{"taxonomy":"post_tag","embeddable":true,"href":"https:\/\/www.bibliotecadeseguranca.com.br\/fr\/wp-json\/wp\/v2\/tags?post=12427"}],"curies":[{"name":"wp","href":"https:\/\/api.w.org\/{rel}","templated":true}]}}