{"id":12404,"date":"2015-07-21T14:00:30","date_gmt":"2015-07-21T17:00:30","guid":{"rendered":"http:\/\/www.bibliotecadeseguranca.com.br\/fr\/?p=12404"},"modified":"2015-07-21T13:42:05","modified_gmt":"2015-07-21T16:42:05","slug":"la-victimologie","status":"publish","type":"post","link":"https:\/\/www.bibliotecadeseguranca.com.br\/fr\/livros\/la-victimologie\/","title":{"rendered":"La victimologie"},"content":{"rendered":"<p><span style=\"color: #003366;\"><strong><img loading=\"lazy\" decoding=\"async\" class=\"alignleft size-full wp-image-12405\" src=\"http:\/\/www.bibliotecadeseguranca.com.br\/fr\/wp-content\/uploads\/2015\/07\/la-victimologie.jpg\" alt=\"La victimologie\" width=\"145\" height=\"217\" srcset=\"https:\/\/www.bibliotecadeseguranca.com.br\/fr\/wp-content\/uploads\/2015\/07\/la-victimologie.jpg 145w, https:\/\/www.bibliotecadeseguranca.com.br\/fr\/wp-content\/uploads\/2015\/07\/la-victimologie-100x150.jpg 100w\" sizes=\"auto, (max-width: 145px) 100vw, 145px\" \/>G\u00e9rard Lopez<\/strong><\/span><\/p>\n<p><span style=\"color: #003366;\"><strong>Maison d&#8217;\u00e9dition\u00a0Dalloz<\/strong><\/span><\/p>\n<p><span style=\"color: #003366;\"><strong>R\u00e9sum\u00e9:<\/strong><\/span> Ce livre est avant tout destin\u00e9 aux \u00e9tudiants des diff\u00e9rents dipl\u00f4mes universitaires et des masters de criminologie et de victimologie. Mais il s&#8217;adresse aussi \u00e0 tous ceux qui s&#8217;int\u00e9ressent \u00e0 la probl\u00e9matique des victimes.<\/p>\n<p>Il convient en premier lieu de d\u00e9finir la victime et la victimologie et de bien dissocier la victimologie et la psychotraumatologie trop souvent confondues en France. Sans d\u00e9finition, pas de discussion possible.<\/p>\n<p>Ces r\u00e9flexions d\u00e9terminent le plan de l&#8217;ouvrage qui traite en premier lieu de la d\u00e9finition de la victime et de la victimologie, avant d&#8217;aborder l&#8217;\u00e9volution socio-historique du concept de victime.<\/p>\n<p>Sont abord\u00e9es les diff\u00e9rentes disciplines qui constituent la victimologie g\u00e9n\u00e9rale : la criminologie, le droit, les sciences humaines, la psychanalyse, le f\u00e9minisme, la m\u00e9decine. Ce livre se termine, de fa\u00e7on pratique sur la reconstruction des victimes, laquelle passe par l&#8217;\u00e9valuation de ses besoins, une proc\u00e9dure judiciaire, l&#8217;accompagnement social et judiciaire et enfin la prise en charge m\u00e9dico-psychologique de celles qui pr\u00e9sentent des troubles psychotraumatiques. Ces connaissances pourront aider tous ceux qui sont impliqu\u00e9s dans la prise en charge des victimes pour mieux les comprendre et les orienter utilement dans le vaste r\u00e9seau de prise en charge, juridique, social, et m\u00e9dical. Cette orientation devrait permettre d&#8217;\u00e9viter que le processus de r\u00e9paration ne devienne une cause suppl\u00e9mentaire de maltraitance \u00e0 leur \u00e9gard (survictimation).<\/p>\n","protected":false},"excerpt":{"rendered":"<p>G\u00e9rard Lopez Maison d&#8217;\u00e9dition\u00a0Dalloz R\u00e9sum\u00e9: Ce livre est avant tout destin\u00e9 aux \u00e9tudiants des diff\u00e9rents dipl\u00f4mes universitaires et des masters de criminologie et de victimologie. Mais il s&#8217;adresse aussi \u00e0 tous ceux qui s&#8217;int\u00e9ressent \u00e0 la probl\u00e9matique des victimes. Il convient en premier lieu de d\u00e9finir la victime et la victimologie et de bien dissocier la victimologie et la psychotraumatologie trop souvent confondues en France. Sans d\u00e9finition, pas de discussion&hellip; <\/p>\n","protected":false},"author":3,"featured_media":12405,"comment_status":"open","ping_status":"closed","sticky":false,"template":"","format":"standard","meta":{"footnotes":""},"categories":[10,109,6],"tags":[],"class_list":["post-12404","post","type-post","status-publish","format-standard","has-post-thumbnail","hentry","category-crime-violencia-e-criminologia","category-francais","category-livros"],"views":548,"_links":{"self":[{"href":"https:\/\/www.bibliotecadeseguranca.com.br\/fr\/wp-json\/wp\/v2\/posts\/12404","targetHints":{"allow":["GET"]}}],"collection":[{"href":"https:\/\/www.bibliotecadeseguranca.com.br\/fr\/wp-json\/wp\/v2\/posts"}],"about":[{"href":"https:\/\/www.bibliotecadeseguranca.com.br\/fr\/wp-json\/wp\/v2\/types\/post"}],"author":[{"embeddable":true,"href":"https:\/\/www.bibliotecadeseguranca.com.br\/fr\/wp-json\/wp\/v2\/users\/3"}],"replies":[{"embeddable":true,"href":"https:\/\/www.bibliotecadeseguranca.com.br\/fr\/wp-json\/wp\/v2\/comments?post=12404"}],"version-history":[{"count":1,"href":"https:\/\/www.bibliotecadeseguranca.com.br\/fr\/wp-json\/wp\/v2\/posts\/12404\/revisions"}],"predecessor-version":[{"id":12406,"href":"https:\/\/www.bibliotecadeseguranca.com.br\/fr\/wp-json\/wp\/v2\/posts\/12404\/revisions\/12406"}],"wp:featuredmedia":[{"embeddable":true,"href":"https:\/\/www.bibliotecadeseguranca.com.br\/fr\/wp-json\/wp\/v2\/media\/12405"}],"wp:attachment":[{"href":"https:\/\/www.bibliotecadeseguranca.com.br\/fr\/wp-json\/wp\/v2\/media?parent=12404"}],"wp:term":[{"taxonomy":"category","embeddable":true,"href":"https:\/\/www.bibliotecadeseguranca.com.br\/fr\/wp-json\/wp\/v2\/categories?post=12404"},{"taxonomy":"post_tag","embeddable":true,"href":"https:\/\/www.bibliotecadeseguranca.com.br\/fr\/wp-json\/wp\/v2\/tags?post=12404"}],"curies":[{"name":"wp","href":"https:\/\/api.w.org\/{rel}","templated":true}]}}