{"id":12370,"date":"2015-07-06T14:00:19","date_gmt":"2015-07-06T17:00:19","guid":{"rendered":"http:\/\/www.bibliotecadeseguranca.com.br\/fr\/?p=12370"},"modified":"2015-07-06T13:17:05","modified_gmt":"2015-07-06T16:17:05","slug":"planejamento-estrategico-indicadores-e-processos","status":"publish","type":"post","link":"https:\/\/www.bibliotecadeseguranca.com.br\/fr\/livros\/planejamento-estrategico-indicadores-e-processos\/","title":{"rendered":"Planejamento Estrat\u00e9gico, Indicadores e Processos"},"content":{"rendered":"<p><span style=\"color: #003366;\"><strong><img loading=\"lazy\" decoding=\"async\" class=\"alignleft size-full wp-image-12371\" src=\"http:\/\/www.bibliotecadeseguranca.com.br\/fr\/wp-content\/uploads\/2015\/07\/planejamento-estrategico-indicadores-e-processos.jpg\" alt=\"Planejamento Estrat\u00e9gico, Indicadores e Processos\" width=\"145\" height=\"205\" srcset=\"https:\/\/www.bibliotecadeseguranca.com.br\/fr\/wp-content\/uploads\/2015\/07\/planejamento-estrategico-indicadores-e-processos.jpg 145w, https:\/\/www.bibliotecadeseguranca.com.br\/fr\/wp-content\/uploads\/2015\/07\/planejamento-estrategico-indicadores-e-processos-106x150.jpg 106w\" sizes=\"auto, (max-width: 145px) 100vw, 145px\" \/>Cl\u00e1udio Jos\u00e9 M\u00fcller<\/strong><\/span><\/p>\n<p><span style=\"color: #003366;\"><strong>Maison d&#8217;\u00e9dition\u00a0Atlas<\/strong><\/span><\/p>\n<p><span style=\"color: #003366;\"><strong>R\u00e9sum\u00e9:<\/strong><\/span> Este livro apresenta um modelo integrado de gest\u00e3o denominado MEIO \u2013 Modelo de Estrat\u00e9gia, Indicadores e Opera\u00e7\u00f5es, o qual congrega assuntos importantes para uma gest\u00e3o de excel\u00eancia nas organiza\u00e7\u00f5es, quais sejam: Planejamento Estrat\u00e9gico, Avalia\u00e7\u00e3o de Desempenho e Gerenciamento por Processos.<\/p>\n<p>Cada tema por si j\u00e1 desperta interesse e a apresenta\u00e7\u00e3o do relacionamento entre eles \u00e9 o que diferencia esta obra das demais. As pessoas at\u00e9 dominam um ou outro tema, mas n\u00e3o a integra\u00e7\u00e3o. Dada esta problem\u00e1tica, os assuntos s\u00e3o apresentados nos cap\u00edtulos iniciais, sendo tamb\u00e9m discutidos diversos modelos de avalia\u00e7\u00e3o de desempenho, como EVA, BSC e Capital Intelectual, entre outros, procedendo-se a uma an\u00e1lise comparativa entre as diversas abordagens. Entende-se como necess\u00e1ria n\u00e3o apenas a compreens\u00e3o de cada um desses temas, mas principalmente suas inter-rela\u00e7\u00f5es.<\/p>\n<p>Na sequ\u00eancia do texto, ent\u00e3o, \u00e9 proposta a integra\u00e7\u00e3o, objetivo prim\u00e1rio do livro, discutindo- se os pontos em que se d\u00e1 o relacionamento entre os assuntos. O modelo \u00e9 esquematizado e s\u00e3o apresentados e discutidos tr\u00eas casos de sua aplica\u00e7\u00e3o em diferentes organiza\u00e7\u00f5es de setores, portes e est\u00e1gios de maturidade de gest\u00e3o diversos, evidenciando a flexibilidade que caracteriza o modelo proposto. O livro termina com considera\u00e7\u00f5es acerca da integra\u00e7\u00e3o par a par e geral dos temas discutidos, o que pode auxiliar as organiza\u00e7\u00f5es que est\u00e3o em busca da excel\u00eancia em sua gest\u00e3o.<\/p>\n<p>Livro recomendado para diretores e gerentes em geral, Assessorias de Planejamento, Escrit\u00f3rios de Processos, Departamentos de Melhoria Cont\u00ednua, de Qualidade e \u00e1reas de Neg\u00f3cio (TI). Leitura complementar para as disciplinas que envolvam a discuss\u00e3o dos tr\u00eas temas principais envolvidos: Planejamento Estrat\u00e9gico, Gerenciamento por Processos e Avalia\u00e7\u00e3o de Desempenho, em n\u00edvel de gradua\u00e7\u00e3o e p\u00f3s-gradua\u00e7\u00e3o.<\/p>\n","protected":false},"excerpt":{"rendered":"<p>Cl\u00e1udio Jos\u00e9 M\u00fcller Maison d&#8217;\u00e9dition\u00a0Atlas R\u00e9sum\u00e9: Este livro apresenta um modelo integrado de gest\u00e3o denominado MEIO \u2013 Modelo de Estrat\u00e9gia, Indicadores e Opera\u00e7\u00f5es, o qual congrega assuntos importantes para uma gest\u00e3o de excel\u00eancia nas organiza\u00e7\u00f5es, quais sejam: Planejamento Estrat\u00e9gico, Avalia\u00e7\u00e3o de Desempenho e Gerenciamento por Processos. Cada tema por si j\u00e1 desperta interesse e a apresenta\u00e7\u00e3o do relacionamento entre eles \u00e9 o que diferencia esta obra das demais. As pessoas&hellip; <\/p>\n","protected":false},"author":3,"featured_media":12371,"comment_status":"open","ping_status":"closed","sticky":false,"template":"","format":"standard","meta":{"footnotes":""},"categories":[14,117,6],"tags":[],"class_list":["post-12370","post","type-post","status-publish","format-standard","has-post-thumbnail","hentry","category-administracao-e-estrategia-empresarial","category-conseils-et-verification","category-livros"],"views":431,"_links":{"self":[{"href":"https:\/\/www.bibliotecadeseguranca.com.br\/fr\/wp-json\/wp\/v2\/posts\/12370","targetHints":{"allow":["GET"]}}],"collection":[{"href":"https:\/\/www.bibliotecadeseguranca.com.br\/fr\/wp-json\/wp\/v2\/posts"}],"about":[{"href":"https:\/\/www.bibliotecadeseguranca.com.br\/fr\/wp-json\/wp\/v2\/types\/post"}],"author":[{"embeddable":true,"href":"https:\/\/www.bibliotecadeseguranca.com.br\/fr\/wp-json\/wp\/v2\/users\/3"}],"replies":[{"embeddable":true,"href":"https:\/\/www.bibliotecadeseguranca.com.br\/fr\/wp-json\/wp\/v2\/comments?post=12370"}],"version-history":[{"count":1,"href":"https:\/\/www.bibliotecadeseguranca.com.br\/fr\/wp-json\/wp\/v2\/posts\/12370\/revisions"}],"predecessor-version":[{"id":12372,"href":"https:\/\/www.bibliotecadeseguranca.com.br\/fr\/wp-json\/wp\/v2\/posts\/12370\/revisions\/12372"}],"wp:featuredmedia":[{"embeddable":true,"href":"https:\/\/www.bibliotecadeseguranca.com.br\/fr\/wp-json\/wp\/v2\/media\/12371"}],"wp:attachment":[{"href":"https:\/\/www.bibliotecadeseguranca.com.br\/fr\/wp-json\/wp\/v2\/media?parent=12370"}],"wp:term":[{"taxonomy":"category","embeddable":true,"href":"https:\/\/www.bibliotecadeseguranca.com.br\/fr\/wp-json\/wp\/v2\/categories?post=12370"},{"taxonomy":"post_tag","embeddable":true,"href":"https:\/\/www.bibliotecadeseguranca.com.br\/fr\/wp-json\/wp\/v2\/tags?post=12370"}],"curies":[{"name":"wp","href":"https:\/\/api.w.org\/{rel}","templated":true}]}}