{"id":12363,"date":"2015-07-03T14:00:56","date_gmt":"2015-07-03T17:00:56","guid":{"rendered":"http:\/\/www.bibliotecadeseguranca.com.br\/fr\/?p=12363"},"modified":"2015-07-03T13:10:56","modified_gmt":"2015-07-03T16:10:56","slug":"crime-e-seguranca","status":"publish","type":"post","link":"https:\/\/www.bibliotecadeseguranca.com.br\/fr\/livros\/crime-e-seguranca\/","title":{"rendered":"Crime e Seguran\u00e7a"},"content":{"rendered":"<p><span style=\"color: #003366;\"><strong><img loading=\"lazy\" decoding=\"async\" class=\"alignleft size-full wp-image-12364\" src=\"http:\/\/www.bibliotecadeseguranca.com.br\/fr\/wp-content\/uploads\/2015\/07\/crime-e-seguranca.jpg\" alt=\"Crime e Seguran\u00e7a\" width=\"145\" height=\"201\" srcset=\"https:\/\/www.bibliotecadeseguranca.com.br\/fr\/wp-content\/uploads\/2015\/07\/crime-e-seguranca.jpg 145w, https:\/\/www.bibliotecadeseguranca.com.br\/fr\/wp-content\/uploads\/2015\/07\/crime-e-seguranca-108x150.jpg 108w\" sizes=\"auto, (max-width: 145px) 100vw, 145px\" \/>Paulo Pereira de Almeida<\/strong><\/span><\/p>\n<p><span style=\"color: #003366;\"><strong>Maison d&#8217;\u00e9dition\u00a0Bnomics<\/strong><\/span><\/p>\n<p><span style=\"color: #003366;\"><strong>R\u00e9sum\u00e9:<\/strong><\/span> A seguran\u00e7a &#8211; direito fundamental dos cidad\u00e3os e, em simult\u00e2neo, obriga\u00e7\u00e3o essencial do Estado &#8211; ocupa um lugar central nas nossas vidas e \u00e9 um par\u00e2metro obrigat\u00f3rio da avalia\u00e7\u00e3o da qualidade de vida democr\u00e1tica. A paz p\u00fablica, a seguran\u00e7a dos portugueses e a preven\u00e7\u00e3o da criminalidade s\u00e3o tarefas priorit\u00e1rias de qualquer governo. Trata-se, contudo, de uma \u00e1rea sens\u00edvel mas na qual debater alternativas se torna premente. Este livro responde a quest\u00f5es como: Que modelo de pol\u00edcia precisa Portugal? Podemos ter uma PSP, GNR e PJ separadas ou devem ser aglutinadas numa Pol\u00edcia Nacional? Ainda precisamos de For\u00e7as Armadas? As Redes Sociais s\u00e3o uma amea\u00e7a \u00e0 nossa seguran\u00e7a?<\/p>\n","protected":false},"excerpt":{"rendered":"<p>Paulo Pereira de Almeida Maison d&#8217;\u00e9dition\u00a0Bnomics R\u00e9sum\u00e9: A seguran\u00e7a &#8211; direito fundamental dos cidad\u00e3os e, em simult\u00e2neo, obriga\u00e7\u00e3o essencial do Estado &#8211; ocupa um lugar central nas nossas vidas e \u00e9 um par\u00e2metro obrigat\u00f3rio da avalia\u00e7\u00e3o da qualidade de vida democr\u00e1tica. A paz p\u00fablica, a seguran\u00e7a dos portugueses e a preven\u00e7\u00e3o da criminalidade s\u00e3o tarefas priorit\u00e1rias de qualquer governo. Trata-se, contudo, de uma \u00e1rea sens\u00edvel mas na qual debater alternativas&hellip; <\/p>\n","protected":false},"author":3,"featured_media":12364,"comment_status":"open","ping_status":"closed","sticky":false,"template":"","format":"standard","meta":{"footnotes":""},"categories":[10,6,25],"tags":[],"class_list":["post-12363","post","type-post","status-publish","format-standard","has-post-thumbnail","hentry","category-crime-violencia-e-criminologia","category-livros","category-seguranca-publica-e-defesa"],"views":213,"_links":{"self":[{"href":"https:\/\/www.bibliotecadeseguranca.com.br\/fr\/wp-json\/wp\/v2\/posts\/12363","targetHints":{"allow":["GET"]}}],"collection":[{"href":"https:\/\/www.bibliotecadeseguranca.com.br\/fr\/wp-json\/wp\/v2\/posts"}],"about":[{"href":"https:\/\/www.bibliotecadeseguranca.com.br\/fr\/wp-json\/wp\/v2\/types\/post"}],"author":[{"embeddable":true,"href":"https:\/\/www.bibliotecadeseguranca.com.br\/fr\/wp-json\/wp\/v2\/users\/3"}],"replies":[{"embeddable":true,"href":"https:\/\/www.bibliotecadeseguranca.com.br\/fr\/wp-json\/wp\/v2\/comments?post=12363"}],"version-history":[{"count":1,"href":"https:\/\/www.bibliotecadeseguranca.com.br\/fr\/wp-json\/wp\/v2\/posts\/12363\/revisions"}],"predecessor-version":[{"id":12365,"href":"https:\/\/www.bibliotecadeseguranca.com.br\/fr\/wp-json\/wp\/v2\/posts\/12363\/revisions\/12365"}],"wp:featuredmedia":[{"embeddable":true,"href":"https:\/\/www.bibliotecadeseguranca.com.br\/fr\/wp-json\/wp\/v2\/media\/12364"}],"wp:attachment":[{"href":"https:\/\/www.bibliotecadeseguranca.com.br\/fr\/wp-json\/wp\/v2\/media?parent=12363"}],"wp:term":[{"taxonomy":"category","embeddable":true,"href":"https:\/\/www.bibliotecadeseguranca.com.br\/fr\/wp-json\/wp\/v2\/categories?post=12363"},{"taxonomy":"post_tag","embeddable":true,"href":"https:\/\/www.bibliotecadeseguranca.com.br\/fr\/wp-json\/wp\/v2\/tags?post=12363"}],"curies":[{"name":"wp","href":"https:\/\/api.w.org\/{rel}","templated":true}]}}