{"id":12360,"date":"2015-07-02T14:00:17","date_gmt":"2015-07-02T17:00:17","guid":{"rendered":"http:\/\/www.bibliotecadeseguranca.com.br\/fr\/?p=12360"},"modified":"2015-07-02T12:57:09","modified_gmt":"2015-07-02T15:57:09","slug":"gerer-et-decider-en-situation-de-crise","status":"publish","type":"post","link":"https:\/\/www.bibliotecadeseguranca.com.br\/fr\/livros\/gerer-et-decider-en-situation-de-crise\/","title":{"rendered":"G\u00e9rer et d\u00e9cider en situation de crise"},"content":{"rendered":"<p><span style=\"color: #003366;\"><strong><img loading=\"lazy\" decoding=\"async\" class=\"alignleft size-full wp-image-12361\" src=\"http:\/\/www.bibliotecadeseguranca.com.br\/fr\/wp-content\/uploads\/2015\/07\/gerer-et-decider-en-situation-de-crise.jpg\" alt=\"G\u00e9rer et d\u00e9cider en situation de crise\" width=\"145\" height=\"220\" srcset=\"https:\/\/www.bibliotecadeseguranca.com.br\/fr\/wp-content\/uploads\/2015\/07\/gerer-et-decider-en-situation-de-crise.jpg 145w, https:\/\/www.bibliotecadeseguranca.com.br\/fr\/wp-content\/uploads\/2015\/07\/gerer-et-decider-en-situation-de-crise-99x150.jpg 99w\" sizes=\"auto, (max-width: 145px) 100vw, 145px\" \/>Christophe Roux-Dufort<\/strong><\/span><\/p>\n<p><span style=\"color: #003366;\"><strong>Maison d&#8217;\u00e9dition\u00a0Dunod<\/strong><\/span><\/p>\n<p><span style=\"color: #003366;\"><strong>R\u00e9sum\u00e9:<\/strong><\/span> Catastrophes a\u00e9riennes, contaminations agroalimentaires, d\u00e9sastres financiers, accidents industriels, conflits sociaux&#8230; Les crises r\u00e9v\u00e8lent les failles des entreprises. Comment \u00e9viter cette situation au c\u0153ur de la tourmente ? Cet ouvrage aide \u00e0 \u00e9laborer un plan de gestion de crise. Avant la crise : il faut \u00e9valuer votre exposition \u00e0 ces crises redout\u00e9es et votre niveau de pr\u00e9paration pour mettre en place des dispositifs de pr\u00e9vention. Pendant la crise : vous devez d\u00e9tecter l&#8217;entr\u00e9e en crise, piloter et coordonner la r\u00e9action, et communiquer \u00e0 bon escient. Apr\u00e8s la crise : il est indispensable d&#8217;apprendre et de capitaliser pour transformer votre organisation. L&#8217;auteur fournit des matrices de r\u00e9flexion et propose des outils d&#8217;analyse et d&#8217;intervention tels que diagnostic de crise et composition d&#8217;une cellule de crise. Vous pourrez ainsi relever le d\u00e9fi de la pr\u00e9paration aux crises : penser l&#8217;impensable avant qu&#8217;une crise ne s&#8217;en charge, apprendre \u00e0 communiquer pour \u00e9viter la rumeur et donner un sens \u00e0 la crise. Cette nouvelle \u00e9dition s&#8217;est enrichie d&#8217;exemples r\u00e9cents qui ont marqu\u00e9 le d\u00e9but du XXIe si\u00e8cle (attentats du World Trade Center, AZF, crash du Concorde, affaire Enron&#8230;) pour aller plus loin dans les m\u00e9thodes et les outils propos\u00e9s aux managers \u00e0 la recherche de points de rep\u00e8res dans une soci\u00e9t\u00e9 hant\u00e9e par les risques majeurs. Ce livre concerne les dirigeants, responsables communication, animateurs de cellules de crise, consultants en gestion de crise, tant dans le secteur priv\u00e9 que public.<\/p>\n","protected":false},"excerpt":{"rendered":"<p>Christophe Roux-Dufort Maison d&#8217;\u00e9dition\u00a0Dunod R\u00e9sum\u00e9: Catastrophes a\u00e9riennes, contaminations agroalimentaires, d\u00e9sastres financiers, accidents industriels, conflits sociaux&#8230; Les crises r\u00e9v\u00e8lent les failles des entreprises. Comment \u00e9viter cette situation au c\u0153ur de la tourmente ? Cet ouvrage aide \u00e0 \u00e9laborer un plan de gestion de crise. Avant la crise : il faut \u00e9valuer votre exposition \u00e0 ces crises redout\u00e9es et votre niveau de pr\u00e9paration pour mettre en place des dispositifs de pr\u00e9vention. Pendant&hellip; <\/p>\n","protected":false},"author":3,"featured_media":12361,"comment_status":"open","ping_status":"closed","sticky":false,"template":"","format":"standard","meta":{"footnotes":""},"categories":[109,23,6,25],"tags":[],"class_list":["post-12360","post","type-post","status-publish","format-standard","has-post-thumbnail","hentry","category-francais","category-gestao-da-seguranca-empresarial","category-livros","category-seguranca-publica-e-defesa"],"views":431,"_links":{"self":[{"href":"https:\/\/www.bibliotecadeseguranca.com.br\/fr\/wp-json\/wp\/v2\/posts\/12360","targetHints":{"allow":["GET"]}}],"collection":[{"href":"https:\/\/www.bibliotecadeseguranca.com.br\/fr\/wp-json\/wp\/v2\/posts"}],"about":[{"href":"https:\/\/www.bibliotecadeseguranca.com.br\/fr\/wp-json\/wp\/v2\/types\/post"}],"author":[{"embeddable":true,"href":"https:\/\/www.bibliotecadeseguranca.com.br\/fr\/wp-json\/wp\/v2\/users\/3"}],"replies":[{"embeddable":true,"href":"https:\/\/www.bibliotecadeseguranca.com.br\/fr\/wp-json\/wp\/v2\/comments?post=12360"}],"version-history":[{"count":1,"href":"https:\/\/www.bibliotecadeseguranca.com.br\/fr\/wp-json\/wp\/v2\/posts\/12360\/revisions"}],"predecessor-version":[{"id":12362,"href":"https:\/\/www.bibliotecadeseguranca.com.br\/fr\/wp-json\/wp\/v2\/posts\/12360\/revisions\/12362"}],"wp:featuredmedia":[{"embeddable":true,"href":"https:\/\/www.bibliotecadeseguranca.com.br\/fr\/wp-json\/wp\/v2\/media\/12361"}],"wp:attachment":[{"href":"https:\/\/www.bibliotecadeseguranca.com.br\/fr\/wp-json\/wp\/v2\/media?parent=12360"}],"wp:term":[{"taxonomy":"category","embeddable":true,"href":"https:\/\/www.bibliotecadeseguranca.com.br\/fr\/wp-json\/wp\/v2\/categories?post=12360"},{"taxonomy":"post_tag","embeddable":true,"href":"https:\/\/www.bibliotecadeseguranca.com.br\/fr\/wp-json\/wp\/v2\/tags?post=12360"}],"curies":[{"name":"wp","href":"https:\/\/api.w.org\/{rel}","templated":true}]}}