{"id":12291,"date":"2015-06-04T14:00:12","date_gmt":"2015-06-04T17:00:12","guid":{"rendered":"http:\/\/www.bibliotecadeseguranca.com.br\/fr\/?p=12291"},"modified":"2015-06-04T15:44:11","modified_gmt":"2015-06-04T18:44:11","slug":"coletanea-abseg-de-seguranca-empresarial","status":"publish","type":"post","link":"https:\/\/www.bibliotecadeseguranca.com.br\/fr\/livros\/coletanea-abseg-de-seguranca-empresarial\/","title":{"rendered":"Colet\u00e2nea ABSEG de Seguran\u00e7a Empresarial"},"content":{"rendered":"<p><span style=\"color: #003366;\"><strong><img loading=\"lazy\" decoding=\"async\" class=\"alignleft size-full wp-image-12292\" src=\"http:\/\/www.bibliotecadeseguranca.com.br\/fr\/wp-content\/uploads\/2015\/06\/coletanea-abseg-de-seguranca-empresarial.jpg\" alt=\"Colet\u00e2nea ABSEG de Seguran\u00e7a Empresarial\" width=\"145\" height=\"196\" srcset=\"https:\/\/www.bibliotecadeseguranca.com.br\/fr\/wp-content\/uploads\/2015\/06\/coletanea-abseg-de-seguranca-empresarial.jpg 145w, https:\/\/www.bibliotecadeseguranca.com.br\/fr\/wp-content\/uploads\/2015\/06\/coletanea-abseg-de-seguranca-empresarial-111x150.jpg 111w\" sizes=\"auto, (max-width: 145px) 100vw, 145px\" \/>Edson Fontes, Hugo Tisaka, T\u00e1cito Leite, outros<\/strong><\/span><\/p>\n<p><span style=\"color: #003366;\"><strong>Maison d&#8217;\u00e9dition\u00a0ABSEG<\/strong><\/span><\/p>\n<p><span style=\"color: #003366;\"><strong>R\u00e9sum\u00e9:<\/strong><\/span> A ABSEG &#8211; Associa\u00e7\u00e3o Brasileira de Profissionais de Seguran\u00e7a foi constitu\u00edda em 2005 com o objetivo de promover o reconhecimento, a capacita\u00e7\u00e3o, o aperfei\u00e7oamento e o desenvolvimento profissional de todos os que atuam no segmento de seguran\u00e7a e prote\u00e7\u00e3o, em suas mais diversas modalidades.<\/p>\n<p>Por interm\u00e9dio de um permanente programa de eventos e cursos, busca promover o interc\u00e2mbio entre profissionais, associa\u00e7\u00f5es, institui\u00e7\u00f5es de ensino, al\u00e9m de entidades nacionais e internacionais de seguran\u00e7a, propiciando vasto conhecimento sobre esse importante segmento da nossa sociedade e contribuindo para a sua evolu\u00e7\u00e3o.<\/p>\n<p>Esse interc\u00e2mbio permite, ainda, a informa\u00e7\u00e3o, em tempo real, aos associados, sobre tudo o que est\u00e1 ocorrendo no mercado e, o mais importante, tendo na pr\u00f3pria rede de contatos da associa\u00e7\u00e3o, a solu\u00e7\u00e3o de d\u00favidas e o apoio aos mais diversos problemas encontrados no dia a dia do profissional de seguran\u00e7a.<\/p>\n<p>A gera\u00e7\u00e3o de conhecimento na \u00e1rea de seguran\u00e7a em nosso pa\u00eds \u00e9 intensa, em todos os aspectos, da seguran\u00e7a f\u00edsica \u00e0 seguran\u00e7a digital, passando pela p\u00fablica, do trabalho, pessoal, de informa\u00e7\u00f5es e outras, e \u00e9 preciso tornar esse conhecimento dispon\u00edvel para os profissionais que atuam na \u00e1rea, independentemente de sua localiza\u00e7\u00e3o geogr\u00e1fica ou \u00e1rea de atua\u00e7\u00e3o.<\/p>\n<p>Por todos estes motivos, a ABSEG lan\u00e7a o primeiro volume da \u201cColet\u00e2nea ABSEG de Seguran\u00e7a Empresarial\u201d.<\/p>\n<p>Constitu\u00edda de textos elaborados por renomados profissionais de seguran\u00e7a de nosso pa\u00eds, a Colet\u00e2nea ABSEG de Seguran\u00e7a Empresarial, al\u00e9m de levar conhecimento a nosso mercado, \u00e9 uma forma de prestigiar os profissionais que tanto contribuem para nosso segmento, dando-lhes a oportunidade de ter seus ensinamentos, estudos e experi\u00eancias publicadas em um livro.<\/p>\n<p>Todo profissional de seguran\u00e7a atualizado sabe da import\u00e2ncia de seu trabalho para a manuten\u00e7\u00e3o e para a continuidade dos neg\u00f3cios das empresas a que, direta ou indiretamente, presta servi\u00e7os. Quanto mais preparadas estiverem as equipes e mais integrados todos os sistemas de seguran\u00e7a, menores ser\u00e3o as perdas dessas empresas, em suas diversas \u00e1reas, melhorando consideravelmente seu potencial competitivo.<\/p>\n<p>\u00c9 fundamental que o profissional de seguran\u00e7a esteja preparado para enfrentar o desafio de \u201cvender\u201d bem seu trabalho, convencendo os empres\u00e1rios &#8211; alguns ainda c\u00e9ticos &#8211; da import\u00e2ncia da gest\u00e3o de seguran\u00e7a nas corpora\u00e7\u00f5es, e atuando com \u00e9tica e compet\u00eancia para garantir seu espa\u00e7o e consolidar sua profiss\u00e3o.<br \/>\nA ABSEG espera estar contribuindo para que isso aconte\u00e7a!<\/p>\n<p><a href=\"http:\/\/www.bibliotecadeseguranca.com.br\/wp-content\/uploads\/2015\/06\/coletanea-abseg.pdf\" target=\"_blank\"><img loading=\"lazy\" decoding=\"async\" class=\"alignleft wp-image-12143 size-full\" src=\"http:\/\/www.bibliotecadeseguranca.com.br\/fr\/wp-content\/uploads\/2015\/03\/download_fr.gif\" alt=\"T\u00e9l\u00e9charger\" width=\"107\" height=\"25\" \/><\/a><\/p>\n","protected":false},"excerpt":{"rendered":"<p>Edson Fontes, Hugo Tisaka, T\u00e1cito Leite, outros Maison d&#8217;\u00e9dition\u00a0ABSEG R\u00e9sum\u00e9: A ABSEG &#8211; Associa\u00e7\u00e3o Brasileira de Profissionais de Seguran\u00e7a foi constitu\u00edda em 2005 com o objetivo de promover o reconhecimento, a capacita\u00e7\u00e3o, o aperfei\u00e7oamento e o desenvolvimento profissional de todos os que atuam no segmento de seguran\u00e7a e prote\u00e7\u00e3o, em suas mais diversas modalidades. Por interm\u00e9dio de um permanente programa de eventos e cursos, busca promover o interc\u00e2mbio entre profissionais,&hellip; <\/p>\n","protected":false},"author":3,"featured_media":12292,"comment_status":"open","ping_status":"closed","sticky":false,"template":"","format":"standard","meta":{"footnotes":""},"categories":[23,6,112],"tags":[],"class_list":["post-12291","post","type-post","status-publish","format-standard","has-post-thumbnail","hentry","category-gestao-da-seguranca-empresarial","category-livros","category-download"],"views":411,"_links":{"self":[{"href":"https:\/\/www.bibliotecadeseguranca.com.br\/fr\/wp-json\/wp\/v2\/posts\/12291","targetHints":{"allow":["GET"]}}],"collection":[{"href":"https:\/\/www.bibliotecadeseguranca.com.br\/fr\/wp-json\/wp\/v2\/posts"}],"about":[{"href":"https:\/\/www.bibliotecadeseguranca.com.br\/fr\/wp-json\/wp\/v2\/types\/post"}],"author":[{"embeddable":true,"href":"https:\/\/www.bibliotecadeseguranca.com.br\/fr\/wp-json\/wp\/v2\/users\/3"}],"replies":[{"embeddable":true,"href":"https:\/\/www.bibliotecadeseguranca.com.br\/fr\/wp-json\/wp\/v2\/comments?post=12291"}],"version-history":[{"count":3,"href":"https:\/\/www.bibliotecadeseguranca.com.br\/fr\/wp-json\/wp\/v2\/posts\/12291\/revisions"}],"predecessor-version":[{"id":12295,"href":"https:\/\/www.bibliotecadeseguranca.com.br\/fr\/wp-json\/wp\/v2\/posts\/12291\/revisions\/12295"}],"wp:featuredmedia":[{"embeddable":true,"href":"https:\/\/www.bibliotecadeseguranca.com.br\/fr\/wp-json\/wp\/v2\/media\/12292"}],"wp:attachment":[{"href":"https:\/\/www.bibliotecadeseguranca.com.br\/fr\/wp-json\/wp\/v2\/media?parent=12291"}],"wp:term":[{"taxonomy":"category","embeddable":true,"href":"https:\/\/www.bibliotecadeseguranca.com.br\/fr\/wp-json\/wp\/v2\/categories?post=12291"},{"taxonomy":"post_tag","embeddable":true,"href":"https:\/\/www.bibliotecadeseguranca.com.br\/fr\/wp-json\/wp\/v2\/tags?post=12291"}],"curies":[{"name":"wp","href":"https:\/\/api.w.org\/{rel}","templated":true}]}}