{"id":12251,"date":"2015-05-18T14:00:12","date_gmt":"2015-05-18T17:00:12","guid":{"rendered":"http:\/\/www.bibliotecadeseguranca.com.br\/fr\/?p=12251"},"modified":"2015-05-18T13:21:45","modified_gmt":"2015-05-18T16:21:45","slug":"inseguranca-publica-2","status":"publish","type":"post","link":"https:\/\/www.bibliotecadeseguranca.com.br\/fr\/livros\/inseguranca-publica-2\/","title":{"rendered":"Inseguran\u00e7a P\u00fablica"},"content":{"rendered":"<p><span style=\"color: #003366;\"><strong><img loading=\"lazy\" decoding=\"async\" class=\"alignleft size-full wp-image-12252\" src=\"http:\/\/www.bibliotecadeseguranca.com.br\/fr\/wp-content\/uploads\/2015\/05\/inseguranca-publica.jpg\" alt=\"Inseguran\u00e7a P\u00fablica\" width=\"145\" height=\"204\" srcset=\"https:\/\/www.bibliotecadeseguranca.com.br\/fr\/wp-content\/uploads\/2015\/05\/inseguranca-publica.jpg 145w, https:\/\/www.bibliotecadeseguranca.com.br\/fr\/wp-content\/uploads\/2015\/05\/inseguranca-publica-107x150.jpg 107w\" sizes=\"auto, (max-width: 145px) 100vw, 145px\" \/>Ildo Enor Rodrigues de Almeida<\/strong><\/span><\/p>\n<p><span style=\"color: #003366;\"><strong>Maison d&#8217;\u00e9dition\u00a0Imprensa Livre<\/strong><\/span><\/p>\n<p><span style=\"color: #003366;\"><strong>R\u00e9sum\u00e9:<\/strong><\/span> Com 38 anos de experi\u00eancia no ramo de seguran\u00e7a, o autor analisa de forma multifatorial a seguran\u00e7a p\u00fablica e privada com o objetivo de entender, informar, alertar e modificar o cen\u00e1rio de inseguran\u00e7a que os brasileiros se encontram. Hoje, no Brasil, as fam\u00edlias e o cidad\u00e3o de bem est\u00e3o prisioneiros nas suas pr\u00f3prias casas, atr\u00e1s de grades e cercas eletri-ficadas. Este cen\u00e1rio tem que mudar, mas como? Primeiro, temos que entender o que est\u00e1 acontecendo na sociedade e responder algumas quest\u00f5es, tais como: Qual a import\u00e2ncia dos Direitos Humanos nas Pol\u00edticas P\u00fablicas de Seguran\u00e7a? Qual a rela\u00e7\u00e3o entre viol\u00eancia e pol\u00edtica? Qual o papel do Estado e da sociedade? Quais as solu\u00e7\u00f5es poss\u00edveis? O autor n\u00e3o tem a pretens\u00e3o de esgotar o tema, quer apenas contribuir com sua longa experi\u00eancia pro-fissional para que as futuras gera\u00e7\u00f5es tenham uma vida mais segura.<\/p>\n","protected":false},"excerpt":{"rendered":"<p>Ildo Enor Rodrigues de Almeida Maison d&#8217;\u00e9dition\u00a0Imprensa Livre R\u00e9sum\u00e9: Com 38 anos de experi\u00eancia no ramo de seguran\u00e7a, o autor analisa de forma multifatorial a seguran\u00e7a p\u00fablica e privada com o objetivo de entender, informar, alertar e modificar o cen\u00e1rio de inseguran\u00e7a que os brasileiros se encontram. Hoje, no Brasil, as fam\u00edlias e o cidad\u00e3o de bem est\u00e3o prisioneiros nas suas pr\u00f3prias casas, atr\u00e1s de grades e cercas eletri-ficadas. Este&hellip; <\/p>\n","protected":false},"author":3,"featured_media":12252,"comment_status":"open","ping_status":"closed","sticky":false,"template":"","format":"standard","meta":{"footnotes":""},"categories":[6,25],"tags":[],"class_list":["post-12251","post","type-post","status-publish","format-standard","has-post-thumbnail","hentry","category-livros","category-seguranca-publica-e-defesa"],"views":468,"_links":{"self":[{"href":"https:\/\/www.bibliotecadeseguranca.com.br\/fr\/wp-json\/wp\/v2\/posts\/12251","targetHints":{"allow":["GET"]}}],"collection":[{"href":"https:\/\/www.bibliotecadeseguranca.com.br\/fr\/wp-json\/wp\/v2\/posts"}],"about":[{"href":"https:\/\/www.bibliotecadeseguranca.com.br\/fr\/wp-json\/wp\/v2\/types\/post"}],"author":[{"embeddable":true,"href":"https:\/\/www.bibliotecadeseguranca.com.br\/fr\/wp-json\/wp\/v2\/users\/3"}],"replies":[{"embeddable":true,"href":"https:\/\/www.bibliotecadeseguranca.com.br\/fr\/wp-json\/wp\/v2\/comments?post=12251"}],"version-history":[{"count":1,"href":"https:\/\/www.bibliotecadeseguranca.com.br\/fr\/wp-json\/wp\/v2\/posts\/12251\/revisions"}],"predecessor-version":[{"id":12253,"href":"https:\/\/www.bibliotecadeseguranca.com.br\/fr\/wp-json\/wp\/v2\/posts\/12251\/revisions\/12253"}],"wp:featuredmedia":[{"embeddable":true,"href":"https:\/\/www.bibliotecadeseguranca.com.br\/fr\/wp-json\/wp\/v2\/media\/12252"}],"wp:attachment":[{"href":"https:\/\/www.bibliotecadeseguranca.com.br\/fr\/wp-json\/wp\/v2\/media?parent=12251"}],"wp:term":[{"taxonomy":"category","embeddable":true,"href":"https:\/\/www.bibliotecadeseguranca.com.br\/fr\/wp-json\/wp\/v2\/categories?post=12251"},{"taxonomy":"post_tag","embeddable":true,"href":"https:\/\/www.bibliotecadeseguranca.com.br\/fr\/wp-json\/wp\/v2\/tags?post=12251"}],"curies":[{"name":"wp","href":"https:\/\/api.w.org\/{rel}","templated":true}]}}