{"id":12225,"date":"2015-05-07T14:00:53","date_gmt":"2015-05-07T17:00:53","guid":{"rendered":"http:\/\/www.bibliotecadeseguranca.com.br\/fr\/?p=12225"},"modified":"2015-05-07T04:37:09","modified_gmt":"2015-05-07T07:37:09","slug":"la-prevention-de-la-delinquance","status":"publish","type":"post","link":"https:\/\/www.bibliotecadeseguranca.com.br\/fr\/livros\/la-prevention-de-la-delinquance\/","title":{"rendered":"La pr\u00e9vention de la d\u00e9linquance"},"content":{"rendered":"<p><span style=\"color: #003366;\"><strong><img loading=\"lazy\" decoding=\"async\" class=\"alignleft size-full wp-image-12226\" src=\"http:\/\/www.bibliotecadeseguranca.com.br\/fr\/wp-content\/uploads\/2015\/05\/la-prevention-de-la-delinquance.jpg\" alt=\"La prevention de la delinquance\" width=\"145\" height=\"210\" srcset=\"https:\/\/www.bibliotecadeseguranca.com.br\/fr\/wp-content\/uploads\/2015\/05\/la-prevention-de-la-delinquance.jpg 145w, https:\/\/www.bibliotecadeseguranca.com.br\/fr\/wp-content\/uploads\/2015\/05\/la-prevention-de-la-delinquance-104x150.jpg 104w\" sizes=\"auto, (max-width: 145px) 100vw, 145px\" \/>Richard Bousquet<\/strong><\/span><\/p>\n<p><span style=\"color: #003366;\"><strong>Maison d&#8217;\u00e9dition\u00a0Presses Universitaires de France<\/strong><\/span><\/p>\n<p><span style=\"color: #003366;\"><strong>R\u00e9sum\u00e9:<\/strong><\/span> Longtemps au centre de controverses, la pr\u00e9vention de la d\u00e9linquance s&#8217;est impos\u00e9e comme le compl\u00e9ment indispensable de la r\u00e9pression. Avec la loi du 5 mars 2007, elle a acc\u00e9d\u00e9 au rang de politique publique autonome. Cependant, espace souvent mal d\u00e9fini, transversal aux diff\u00e9rents champs de l&#8217;action publique, o\u00f9 se croisent de nombreux acteurs venus d&#8217;horizons et de cultures diff\u00e9rents, la pr\u00e9vention de la d\u00e9linquance demeure un domaine complexe et m\u00e9connu. Deux professionnels reconnus, l&#8217;un venu de la politique de la ville, l&#8217;autre de la police, en livrent les cl\u00e9s de compr\u00e9hension \u00e0 un large public. \u00c0 l&#8217;\u00e9cart de tout a priori, leur approche pragmatique \u00e9tablit sans cesse le lien entre th\u00e9orie et pratique de la pr\u00e9vention, entre histoire et actualit\u00e9 des politiques et dispositifs publics. Loin de se borner \u00e0 la France, ils pr\u00e9sentent un large panorama des exp\u00e9riences \u00e9trang\u00e8res et des dispositifs europ\u00e9ens et internationaux.<\/p>\n","protected":false},"excerpt":{"rendered":"<p>Richard Bousquet Maison d&#8217;\u00e9dition\u00a0Presses Universitaires de France R\u00e9sum\u00e9: Longtemps au centre de controverses, la pr\u00e9vention de la d\u00e9linquance s&#8217;est impos\u00e9e comme le compl\u00e9ment indispensable de la r\u00e9pression. Avec la loi du 5 mars 2007, elle a acc\u00e9d\u00e9 au rang de politique publique autonome. Cependant, espace souvent mal d\u00e9fini, transversal aux diff\u00e9rents champs de l&#8217;action publique, o\u00f9 se croisent de nombreux acteurs venus d&#8217;horizons et de cultures diff\u00e9rents, la pr\u00e9vention de&hellip; <\/p>\n","protected":false},"author":3,"featured_media":12226,"comment_status":"open","ping_status":"closed","sticky":false,"template":"","format":"standard","meta":{"footnotes":""},"categories":[109,6,25],"tags":[],"class_list":["post-12225","post","type-post","status-publish","format-standard","has-post-thumbnail","hentry","category-francais","category-livros","category-seguranca-publica-e-defesa"],"views":363,"_links":{"self":[{"href":"https:\/\/www.bibliotecadeseguranca.com.br\/fr\/wp-json\/wp\/v2\/posts\/12225","targetHints":{"allow":["GET"]}}],"collection":[{"href":"https:\/\/www.bibliotecadeseguranca.com.br\/fr\/wp-json\/wp\/v2\/posts"}],"about":[{"href":"https:\/\/www.bibliotecadeseguranca.com.br\/fr\/wp-json\/wp\/v2\/types\/post"}],"author":[{"embeddable":true,"href":"https:\/\/www.bibliotecadeseguranca.com.br\/fr\/wp-json\/wp\/v2\/users\/3"}],"replies":[{"embeddable":true,"href":"https:\/\/www.bibliotecadeseguranca.com.br\/fr\/wp-json\/wp\/v2\/comments?post=12225"}],"version-history":[{"count":1,"href":"https:\/\/www.bibliotecadeseguranca.com.br\/fr\/wp-json\/wp\/v2\/posts\/12225\/revisions"}],"predecessor-version":[{"id":12227,"href":"https:\/\/www.bibliotecadeseguranca.com.br\/fr\/wp-json\/wp\/v2\/posts\/12225\/revisions\/12227"}],"wp:featuredmedia":[{"embeddable":true,"href":"https:\/\/www.bibliotecadeseguranca.com.br\/fr\/wp-json\/wp\/v2\/media\/12226"}],"wp:attachment":[{"href":"https:\/\/www.bibliotecadeseguranca.com.br\/fr\/wp-json\/wp\/v2\/media?parent=12225"}],"wp:term":[{"taxonomy":"category","embeddable":true,"href":"https:\/\/www.bibliotecadeseguranca.com.br\/fr\/wp-json\/wp\/v2\/categories?post=12225"},{"taxonomy":"post_tag","embeddable":true,"href":"https:\/\/www.bibliotecadeseguranca.com.br\/fr\/wp-json\/wp\/v2\/tags?post=12225"}],"curies":[{"name":"wp","href":"https:\/\/api.w.org\/{rel}","templated":true}]}}