{"id":12184,"date":"2015-04-17T14:00:22","date_gmt":"2015-04-17T17:00:22","guid":{"rendered":"http:\/\/www.bibliotecadeseguranca.com.br\/fr\/?p=12184"},"modified":"2015-04-17T11:30:41","modified_gmt":"2015-04-17T14:30:41","slug":"gestion-de-crise","status":"publish","type":"post","link":"https:\/\/www.bibliotecadeseguranca.com.br\/fr\/livros\/gestion-de-crise\/","title":{"rendered":"Gestion de crise"},"content":{"rendered":"<p><span style=\"color: #003366;\"><strong><img loading=\"lazy\" decoding=\"async\" class=\"alignleft size-full wp-image-12185\" src=\"http:\/\/www.bibliotecadeseguranca.com.br\/fr\/wp-content\/uploads\/2015\/04\/gestion-de-crise.jpg\" alt=\"Gestion de crise\" width=\"145\" height=\"220\" srcset=\"https:\/\/www.bibliotecadeseguranca.com.br\/fr\/wp-content\/uploads\/2015\/04\/gestion-de-crise.jpg 145w, https:\/\/www.bibliotecadeseguranca.com.br\/fr\/wp-content\/uploads\/2015\/04\/gestion-de-crise-99x150.jpg 99w\" sizes=\"auto, (max-width: 145px) 100vw, 145px\" \/>Sophie Gaultier-Gaillard, Michel Persin, Beno\u00eet Vraie<\/strong><\/span><\/p>\n<p><span style=\"color: #003366;\"><strong>Maison d&#8217;\u00e9dition\u00a0AFNOR<\/strong><\/span><\/p>\n<p><span style=\"color: #003366;\"><strong>R\u00e9sum\u00e9:<\/strong><\/span> G\u00e9rer une crise ne s&#8217;improvise pas ; cela s&#8217;apprend. Les crises subies par les entreprises et les institutions sont plus que jamais d&#8217;une grande vari\u00e9t\u00e9 et d&#8217;une extr\u00eame violence. La pr\u00e9paration aux crises et leur gestion reposent sur une adaptabilit\u00e9 et une capacit\u00e9 de r\u00e9ponse qui ne s&#8217;acqui\u00e8rent qu&#8217;au fil de l&#8217;exp\u00e9rience. Ce guide, \u00e9labor\u00e9 par dix-sept sp\u00e9cialistes du domaine, rassemble de nombreux t\u00e9moignages qui sont autant de pistes de r\u00e9flexion, de pr\u00e9paration et d&#8217;action ! Vous y apprendrez : \u00e0 concevoir un exercice de crise ; \u00e0 mettre en place des exercices de simulation au sein d&#8217;un plan de gestion de crise ; \u00e0 g\u00e9rer l&#8217;information et communiquer en p\u00e9riode de crise ; \u00e0 g\u00e9rer le stress. &#8220;Chacun pourra puiser dans ce livre des sources d&#8217;inspiration, des r\u00e9flexions utiles, des conseils op\u00e9rationnels pour penser, organiser, conduire des exercices. Le pourquoi et le comment sont ici clarifi\u00e9s et document\u00e9s par de nombreux grands acteurs et sp\u00e9cialistes. Il faut saluer cet apport pr\u00e9cieux et savoir le prolonger par des actions d\u00e9termin\u00e9es, intelligentes, continues, sur le terrain.&#8221;<\/p>\n","protected":false},"excerpt":{"rendered":"<p>Sophie Gaultier-Gaillard, Michel Persin, Beno\u00eet Vraie Maison d&#8217;\u00e9dition\u00a0AFNOR R\u00e9sum\u00e9: G\u00e9rer une crise ne s&#8217;improvise pas ; cela s&#8217;apprend. Les crises subies par les entreprises et les institutions sont plus que jamais d&#8217;une grande vari\u00e9t\u00e9 et d&#8217;une extr\u00eame violence. La pr\u00e9paration aux crises et leur gestion reposent sur une adaptabilit\u00e9 et une capacit\u00e9 de r\u00e9ponse qui ne s&#8217;acqui\u00e8rent qu&#8217;au fil de l&#8217;exp\u00e9rience. Ce guide, \u00e9labor\u00e9 par dix-sept sp\u00e9cialistes du domaine, rassemble&hellip; <\/p>\n","protected":false},"author":3,"featured_media":12185,"comment_status":"open","ping_status":"closed","sticky":false,"template":"","format":"standard","meta":{"footnotes":""},"categories":[109,6,19],"tags":[],"class_list":["post-12184","post","type-post","status-publish","format-standard","has-post-thumbnail","hentry","category-francais","category-livros","category-risco-e-perdas"],"views":385,"_links":{"self":[{"href":"https:\/\/www.bibliotecadeseguranca.com.br\/fr\/wp-json\/wp\/v2\/posts\/12184","targetHints":{"allow":["GET"]}}],"collection":[{"href":"https:\/\/www.bibliotecadeseguranca.com.br\/fr\/wp-json\/wp\/v2\/posts"}],"about":[{"href":"https:\/\/www.bibliotecadeseguranca.com.br\/fr\/wp-json\/wp\/v2\/types\/post"}],"author":[{"embeddable":true,"href":"https:\/\/www.bibliotecadeseguranca.com.br\/fr\/wp-json\/wp\/v2\/users\/3"}],"replies":[{"embeddable":true,"href":"https:\/\/www.bibliotecadeseguranca.com.br\/fr\/wp-json\/wp\/v2\/comments?post=12184"}],"version-history":[{"count":1,"href":"https:\/\/www.bibliotecadeseguranca.com.br\/fr\/wp-json\/wp\/v2\/posts\/12184\/revisions"}],"predecessor-version":[{"id":12186,"href":"https:\/\/www.bibliotecadeseguranca.com.br\/fr\/wp-json\/wp\/v2\/posts\/12184\/revisions\/12186"}],"wp:featuredmedia":[{"embeddable":true,"href":"https:\/\/www.bibliotecadeseguranca.com.br\/fr\/wp-json\/wp\/v2\/media\/12185"}],"wp:attachment":[{"href":"https:\/\/www.bibliotecadeseguranca.com.br\/fr\/wp-json\/wp\/v2\/media?parent=12184"}],"wp:term":[{"taxonomy":"category","embeddable":true,"href":"https:\/\/www.bibliotecadeseguranca.com.br\/fr\/wp-json\/wp\/v2\/categories?post=12184"},{"taxonomy":"post_tag","embeddable":true,"href":"https:\/\/www.bibliotecadeseguranca.com.br\/fr\/wp-json\/wp\/v2\/tags?post=12184"}],"curies":[{"name":"wp","href":"https:\/\/api.w.org\/{rel}","templated":true}]}}