{"id":12020,"date":"2015-02-10T08:30:03","date_gmt":"2015-02-10T11:30:03","guid":{"rendered":"http:\/\/www.bibliotecadeseguranca.com.br\/fr\/?p=12020"},"modified":"2015-02-10T03:03:44","modified_gmt":"2015-02-10T06:03:44","slug":"criminalidade-como-prevenir-e-se-defender","status":"publish","type":"post","link":"https:\/\/www.bibliotecadeseguranca.com.br\/fr\/livros\/criminalidade-como-prevenir-e-se-defender\/","title":{"rendered":"Criminalidade: Como Prevenir e se Defender"},"content":{"rendered":"<p><span style=\"color: #003366;\"><strong><img loading=\"lazy\" decoding=\"async\" class=\"alignleft size-full wp-image-12021\" src=\"http:\/\/www.bibliotecadeseguranca.com.br\/fr\/wp-content\/uploads\/2015\/02\/criminalidade-como-prevenir-e-se-defender.jpg\" alt=\"Criminalidade: Como Prevenir e se Defender\" width=\"145\" height=\"216\" srcset=\"https:\/\/www.bibliotecadeseguranca.com.br\/fr\/wp-content\/uploads\/2015\/02\/criminalidade-como-prevenir-e-se-defender.jpg 145w, https:\/\/www.bibliotecadeseguranca.com.br\/fr\/wp-content\/uploads\/2015\/02\/criminalidade-como-prevenir-e-se-defender-101x150.jpg 101w\" sizes=\"auto, (max-width: 145px) 100vw, 145px\" \/>Andr\u00e9 Moraes Garcia<\/strong><\/span><\/p>\n<p><span style=\"color: #003366;\"><strong>Maison d&#8217;\u00e9dition\u00a0AGE<\/strong><\/span><\/p>\n<p><span style=\"color: #003366;\"><strong>R\u00e9sum\u00e9:<\/strong><\/span> Abrigam-se na proposta desta obra id\u00e9ias de transforma\u00e7\u00e3o da passividade, onde repousam alguns espectadores que poder\u00e3o deixar de ser testemunhas para serem reagentes naturais de uma realidade mais justa.<\/p>\n","protected":false},"excerpt":{"rendered":"<p>Andr\u00e9 Moraes Garcia Maison d&#8217;\u00e9dition\u00a0AGE R\u00e9sum\u00e9: Abrigam-se na proposta desta obra id\u00e9ias de transforma\u00e7\u00e3o da passividade, onde repousam alguns espectadores que poder\u00e3o deixar de ser testemunhas para serem reagentes naturais de uma realidade mais justa.<\/p>\n","protected":false},"author":3,"featured_media":12021,"comment_status":"open","ping_status":"closed","sticky":false,"template":"","format":"standard","meta":{"footnotes":""},"categories":[10,6,24],"tags":[],"class_list":["post-12020","post","type-post","status-publish","format-standard","has-post-thumbnail","hentry","category-crime-violencia-e-criminologia","category-livros","category-seguranca-pessoal-e-sequestro"],"views":380,"_links":{"self":[{"href":"https:\/\/www.bibliotecadeseguranca.com.br\/fr\/wp-json\/wp\/v2\/posts\/12020","targetHints":{"allow":["GET"]}}],"collection":[{"href":"https:\/\/www.bibliotecadeseguranca.com.br\/fr\/wp-json\/wp\/v2\/posts"}],"about":[{"href":"https:\/\/www.bibliotecadeseguranca.com.br\/fr\/wp-json\/wp\/v2\/types\/post"}],"author":[{"embeddable":true,"href":"https:\/\/www.bibliotecadeseguranca.com.br\/fr\/wp-json\/wp\/v2\/users\/3"}],"replies":[{"embeddable":true,"href":"https:\/\/www.bibliotecadeseguranca.com.br\/fr\/wp-json\/wp\/v2\/comments?post=12020"}],"version-history":[{"count":1,"href":"https:\/\/www.bibliotecadeseguranca.com.br\/fr\/wp-json\/wp\/v2\/posts\/12020\/revisions"}],"predecessor-version":[{"id":12022,"href":"https:\/\/www.bibliotecadeseguranca.com.br\/fr\/wp-json\/wp\/v2\/posts\/12020\/revisions\/12022"}],"wp:featuredmedia":[{"embeddable":true,"href":"https:\/\/www.bibliotecadeseguranca.com.br\/fr\/wp-json\/wp\/v2\/media\/12021"}],"wp:attachment":[{"href":"https:\/\/www.bibliotecadeseguranca.com.br\/fr\/wp-json\/wp\/v2\/media?parent=12020"}],"wp:term":[{"taxonomy":"category","embeddable":true,"href":"https:\/\/www.bibliotecadeseguranca.com.br\/fr\/wp-json\/wp\/v2\/categories?post=12020"},{"taxonomy":"post_tag","embeddable":true,"href":"https:\/\/www.bibliotecadeseguranca.com.br\/fr\/wp-json\/wp\/v2\/tags?post=12020"}],"curies":[{"name":"wp","href":"https:\/\/api.w.org\/{rel}","templated":true}]}}