{"id":11963,"date":"2015-01-28T08:24:45","date_gmt":"2015-01-28T11:24:45","guid":{"rendered":"http:\/\/www.bibliotecadeseguranca.com.br\/fr\/?p=11963"},"modified":"2015-01-28T08:24:45","modified_gmt":"2015-01-28T11:24:45","slug":"defendre-la-ville","status":"publish","type":"post","link":"https:\/\/www.bibliotecadeseguranca.com.br\/fr\/livros\/defendre-la-ville\/","title":{"rendered":"D\u00e9fendre la ville"},"content":{"rendered":"<p><span style=\"color: #003366;\"><strong><img loading=\"lazy\" decoding=\"async\" class=\"alignleft size-full wp-image-11964\" src=\"http:\/\/www.bibliotecadeseguranca.com.br\/fr\/wp-content\/uploads\/2015\/01\/defendre-la-ville.jpg\" alt=\"D\u00e9fendre la ville\" width=\"145\" height=\"220\" srcset=\"https:\/\/www.bibliotecadeseguranca.com.br\/fr\/wp-content\/uploads\/2015\/01\/defendre-la-ville.jpg 145w, https:\/\/www.bibliotecadeseguranca.com.br\/fr\/wp-content\/uploads\/2015\/01\/defendre-la-ville-99x150.jpg 99w\" sizes=\"auto, (max-width: 145px) 100vw, 145px\" \/>Thierry Oblet<\/strong><\/span><\/p>\n<p><span style=\"color: #003366;\"><strong>Editor Presses Universitaires de France<\/strong><\/span><\/p>\n<p><span style=\"color: #003366;\"><strong>Descripci\u00f3n:<\/strong><\/span> La valeur de la ville d\u00e9pend des opportunit\u00e9s qu&#8217;elle offre en mati\u00e8re de rencontres, d&#8217;emplois, de services, de plaisirs, et de sa facult\u00e9 \u00e0 contenir l&#8217;ins\u00e9curit\u00e9 qui d\u00e9coule de ces libert\u00e9s urbaines. Peut-on venir \u00e0 bout de cette ins\u00e9curit\u00e9 ? C&#8217;est le r\u00eave de ceux qui aspirent \u00e0 une s\u00e9v\u00e9rit\u00e9 croissante de la police et de la justice ou de ceux qui ne jurent que par l&#8217;utilisation des technologies modernes de surveillance. Mais les uns comme les autres menacent de tuer l&#8217;urbanit\u00e9 en m\u00eame temps que l&#8217;ins\u00e9curit\u00e9 qui la mine. D\u00e9fendre la ville sans abolir l&#8217;urbain suppose d&#8217;abandonner les certitudes pseudo-scientifiques au profit d&#8217;une police des villes consid\u00e9r\u00e9e comme l&#8217;art de faire converger la conception des lieux, le r\u00f4le des agents et l&#8217;engagement des habitants.<\/p>\n","protected":false},"excerpt":{"rendered":"<p>Thierry Oblet Editor Presses Universitaires de France Descripci\u00f3n: La valeur de la ville d\u00e9pend des opportunit\u00e9s qu&#8217;elle offre en mati\u00e8re de rencontres, d&#8217;emplois, de services, de plaisirs, et de sa facult\u00e9 \u00e0 contenir l&#8217;ins\u00e9curit\u00e9 qui d\u00e9coule de ces libert\u00e9s urbaines. Peut-on venir \u00e0 bout de cette ins\u00e9curit\u00e9 ? C&#8217;est le r\u00eave de ceux qui aspirent \u00e0 une s\u00e9v\u00e9rit\u00e9 croissante de la police et de la justice ou de ceux qui&hellip; <\/p>\n","protected":false},"author":3,"featured_media":11964,"comment_status":"open","ping_status":"closed","sticky":false,"template":"","format":"standard","meta":{"footnotes":""},"categories":[109,6,25],"tags":[],"class_list":["post-11963","post","type-post","status-publish","format-standard","has-post-thumbnail","hentry","category-francais","category-livros","category-seguranca-publica-e-defesa"],"views":211,"_links":{"self":[{"href":"https:\/\/www.bibliotecadeseguranca.com.br\/fr\/wp-json\/wp\/v2\/posts\/11963","targetHints":{"allow":["GET"]}}],"collection":[{"href":"https:\/\/www.bibliotecadeseguranca.com.br\/fr\/wp-json\/wp\/v2\/posts"}],"about":[{"href":"https:\/\/www.bibliotecadeseguranca.com.br\/fr\/wp-json\/wp\/v2\/types\/post"}],"author":[{"embeddable":true,"href":"https:\/\/www.bibliotecadeseguranca.com.br\/fr\/wp-json\/wp\/v2\/users\/3"}],"replies":[{"embeddable":true,"href":"https:\/\/www.bibliotecadeseguranca.com.br\/fr\/wp-json\/wp\/v2\/comments?post=11963"}],"version-history":[{"count":1,"href":"https:\/\/www.bibliotecadeseguranca.com.br\/fr\/wp-json\/wp\/v2\/posts\/11963\/revisions"}],"predecessor-version":[{"id":11965,"href":"https:\/\/www.bibliotecadeseguranca.com.br\/fr\/wp-json\/wp\/v2\/posts\/11963\/revisions\/11965"}],"wp:featuredmedia":[{"embeddable":true,"href":"https:\/\/www.bibliotecadeseguranca.com.br\/fr\/wp-json\/wp\/v2\/media\/11964"}],"wp:attachment":[{"href":"https:\/\/www.bibliotecadeseguranca.com.br\/fr\/wp-json\/wp\/v2\/media?parent=11963"}],"wp:term":[{"taxonomy":"category","embeddable":true,"href":"https:\/\/www.bibliotecadeseguranca.com.br\/fr\/wp-json\/wp\/v2\/categories?post=11963"},{"taxonomy":"post_tag","embeddable":true,"href":"https:\/\/www.bibliotecadeseguranca.com.br\/fr\/wp-json\/wp\/v2\/tags?post=11963"}],"curies":[{"name":"wp","href":"https:\/\/api.w.org\/{rel}","templated":true}]}}