{"id":11933,"date":"2015-01-21T08:30:58","date_gmt":"2015-01-21T11:30:58","guid":{"rendered":"http:\/\/www.bibliotecadeseguranca.com.br\/fr\/?p=11933"},"modified":"2015-01-21T05:36:51","modified_gmt":"2015-01-21T08:36:51","slug":"intelligence-emotionnelle-et-management","status":"publish","type":"post","link":"https:\/\/www.bibliotecadeseguranca.com.br\/fr\/livros\/intelligence-emotionnelle-et-management\/","title":{"rendered":"Intelligence \u00e9motionnelle et management"},"content":{"rendered":"<p><span style=\"color: #003366;\"><strong><img loading=\"lazy\" decoding=\"async\" class=\"alignleft size-full wp-image-11934\" src=\"http:\/\/www.bibliotecadeseguranca.com.br\/fr\/wp-content\/uploads\/2015\/01\/intelligence-emotionnelle-et-management.jpg\" alt=\"Intelligence \u00e9motionnelle et management\" width=\"145\" height=\"198\" srcset=\"https:\/\/www.bibliotecadeseguranca.com.br\/fr\/wp-content\/uploads\/2015\/01\/intelligence-emotionnelle-et-management.jpg 145w, https:\/\/www.bibliotecadeseguranca.com.br\/fr\/wp-content\/uploads\/2015\/01\/intelligence-emotionnelle-et-management-110x150.jpg 110w\" sizes=\"auto, (max-width: 145px) 100vw, 145px\" \/>Ilios Kotsou<\/strong><\/span><\/p>\n<p><span style=\"color: #003366;\"><strong>Editor De Boeck<\/strong><\/span><\/p>\n<p><span style=\"color: #003366;\"><strong>Descripci\u00f3n:<\/strong><\/span> Longtemps consid\u00e9r\u00e9es comme \u00e9tant un ph\u00e9nom\u00e8ne g\u00eanant ou m\u00eame une faiblesse, les \u00e9motions apparaissent aujourd&#8217;hui li\u00e9es \u00e0 des comp\u00e9tences indispensables pour \u00e9voluer dans un environnement en perp\u00e9tuel changement. Les recherches en psychologie des \u00e9motions et en neurobiologie nous montrent que si les comp\u00e9tences de r\u00e9gulation \u00e9motionnelle sont li\u00e9es \u00e0 la sant\u00e9 physique et mentale, elles le sont aussi \u00e0 la capacit\u00e9 \u00e0 prendre des d\u00e9cisions, g\u00e9rer des relations et faire preuve de leadership.<\/p>\n<p>Cet ouvrage, dont la 2e \u00e9dition est actualis\u00e9e et enrichie, traite de l&#8217;importance et de l&#8217;utilisation de ces comp\u00e9tences dans le management. Parmi les th\u00e8mes trait\u00e9s nous retrouvons la gestion de ses propres \u00e9motions et de celles des autres, la prise de d\u00e9cision, la gestion des conflits dans les organisations et la gestion du changement.<\/p>\n<p>Les concepts de l&#8217;intelligence \u00e9motionnelle sont d\u00e9velopp\u00e9s ici de mani\u00e8re scientifique et rigoureuse, mais toujours en lien avec leur utilisation pratique dans le management.<\/p>\n<p>\u00c9crit dans un style clair et direct, l&#8217;ouvrage s&#8217;adresse \u00e0 toute personnes int\u00e9ress\u00e9e par les \u00e9motions et, tout particuli\u00e8rement, les managers, directeurs des ressources humaines, consultants et formateurs. Il int\u00e9ressera \u00e9galement les \u00e9tudiants en management et en gestion des ressources humaines.<\/p>\n","protected":false},"excerpt":{"rendered":"<p>Ilios Kotsou Editor De Boeck Descripci\u00f3n: Longtemps consid\u00e9r\u00e9es comme \u00e9tant un ph\u00e9nom\u00e8ne g\u00eanant ou m\u00eame une faiblesse, les \u00e9motions apparaissent aujourd&#8217;hui li\u00e9es \u00e0 des comp\u00e9tences indispensables pour \u00e9voluer dans un environnement en perp\u00e9tuel changement. Les recherches en psychologie des \u00e9motions et en neurobiologie nous montrent que si les comp\u00e9tences de r\u00e9gulation \u00e9motionnelle sont li\u00e9es \u00e0 la sant\u00e9 physique et mentale, elles le sont aussi \u00e0 la capacit\u00e9 \u00e0 prendre des&hellip; <\/p>\n","protected":false},"author":3,"featured_media":11934,"comment_status":"open","ping_status":"closed","sticky":false,"template":"","format":"standard","meta":{"footnotes":""},"categories":[14,109,6],"tags":[],"class_list":["post-11933","post","type-post","status-publish","format-standard","has-post-thumbnail","hentry","category-administracao-e-estrategia-empresarial","category-francais","category-livros"],"views":466,"_links":{"self":[{"href":"https:\/\/www.bibliotecadeseguranca.com.br\/fr\/wp-json\/wp\/v2\/posts\/11933","targetHints":{"allow":["GET"]}}],"collection":[{"href":"https:\/\/www.bibliotecadeseguranca.com.br\/fr\/wp-json\/wp\/v2\/posts"}],"about":[{"href":"https:\/\/www.bibliotecadeseguranca.com.br\/fr\/wp-json\/wp\/v2\/types\/post"}],"author":[{"embeddable":true,"href":"https:\/\/www.bibliotecadeseguranca.com.br\/fr\/wp-json\/wp\/v2\/users\/3"}],"replies":[{"embeddable":true,"href":"https:\/\/www.bibliotecadeseguranca.com.br\/fr\/wp-json\/wp\/v2\/comments?post=11933"}],"version-history":[{"count":1,"href":"https:\/\/www.bibliotecadeseguranca.com.br\/fr\/wp-json\/wp\/v2\/posts\/11933\/revisions"}],"predecessor-version":[{"id":11935,"href":"https:\/\/www.bibliotecadeseguranca.com.br\/fr\/wp-json\/wp\/v2\/posts\/11933\/revisions\/11935"}],"wp:featuredmedia":[{"embeddable":true,"href":"https:\/\/www.bibliotecadeseguranca.com.br\/fr\/wp-json\/wp\/v2\/media\/11934"}],"wp:attachment":[{"href":"https:\/\/www.bibliotecadeseguranca.com.br\/fr\/wp-json\/wp\/v2\/media?parent=11933"}],"wp:term":[{"taxonomy":"category","embeddable":true,"href":"https:\/\/www.bibliotecadeseguranca.com.br\/fr\/wp-json\/wp\/v2\/categories?post=11933"},{"taxonomy":"post_tag","embeddable":true,"href":"https:\/\/www.bibliotecadeseguranca.com.br\/fr\/wp-json\/wp\/v2\/tags?post=11933"}],"curies":[{"name":"wp","href":"https:\/\/api.w.org\/{rel}","templated":true}]}}