{"id":11900,"date":"2015-01-14T08:30:44","date_gmt":"2015-01-14T11:30:44","guid":{"rendered":"http:\/\/www.bibliotecadeseguranca.com.br\/fr\/?p=11900"},"modified":"2015-01-14T08:25:14","modified_gmt":"2015-01-14T11:25:14","slug":"les-100-mots-de-la-police-et-du-crime","status":"publish","type":"post","link":"https:\/\/www.bibliotecadeseguranca.com.br\/fr\/livros\/les-100-mots-de-la-police-et-du-crime\/","title":{"rendered":"Les 100 mots de la police et du crime"},"content":{"rendered":"<p><span style=\"color: #003366;\"><strong><img loading=\"lazy\" decoding=\"async\" class=\"alignleft size-full wp-image-11901\" src=\"http:\/\/www.bibliotecadeseguranca.com.br\/fr\/wp-content\/uploads\/2015\/01\/les-100-mots-de-la-police-et-du-crime.jpg\" alt=\"Les 100 mots de la police et du crime\" width=\"145\" height=\"222\" srcset=\"https:\/\/www.bibliotecadeseguranca.com.br\/fr\/wp-content\/uploads\/2015\/01\/les-100-mots-de-la-police-et-du-crime.jpg 145w, https:\/\/www.bibliotecadeseguranca.com.br\/fr\/wp-content\/uploads\/2015\/01\/les-100-mots-de-la-police-et-du-crime-97x150.jpg 97w\" sizes=\"auto, (max-width: 145px) 100vw, 145px\" \/>Bauer Alain, P\u00e9rez \u00c9mile<\/strong><\/span><\/p>\n<p><span style=\"color: #003366;\"><strong>Editor Presses Universitaires de France<\/strong><\/span><\/p>\n<p><span style=\"color: #003366;\"><strong>Descripci\u00f3n:<\/strong><\/span> Les activit\u00e9s criminelles et les actions des forces de s\u00e9curit\u00e9 alimentent au quotidien l actualit\u00e9 pr\u00e9sent\u00e9e par les m\u00e9dias, les discussions de comptoir comme les s\u00e9ries t\u00e9l\u00e9vis\u00e9es : faits divers, actions criminelles, poursuites, recherches, interpellations peuplent notre imaginaire collectif.<br \/>\nDe \u00ab violence \u00bb \u00e0 \u00ab loi \u00bb, de \u00ab bavure \u00bb \u00e0 \u00ab argot \u00bb, de \u00ab proc\u00e8s-verbal \u00bb \u00e0 \u00ab garde \u00e0 vue \u00bb, de \u00ab t\u00e9moin \u00bb \u00e0 \u00ab mandat \u00bb, cet ouvrage pr\u00e9sente 100 mots afin d aider \u00e0 une encore plus grande compr\u00e9hension de cet univers si particulier, dans sa quotidienne complexit\u00e9.<\/p>\n","protected":false},"excerpt":{"rendered":"<p>Bauer Alain, P\u00e9rez \u00c9mile Editor Presses Universitaires de France Descripci\u00f3n: Les activit\u00e9s criminelles et les actions des forces de s\u00e9curit\u00e9 alimentent au quotidien l actualit\u00e9 pr\u00e9sent\u00e9e par les m\u00e9dias, les discussions de comptoir comme les s\u00e9ries t\u00e9l\u00e9vis\u00e9es : faits divers, actions criminelles, poursuites, recherches, interpellations peuplent notre imaginaire collectif. De \u00ab violence \u00bb \u00e0 \u00ab loi \u00bb, de \u00ab bavure \u00bb \u00e0 \u00ab argot \u00bb, de \u00ab proc\u00e8s-verbal \u00bb \u00e0&hellip; <\/p>\n","protected":false},"author":3,"featured_media":11901,"comment_status":"open","ping_status":"closed","sticky":false,"template":"","format":"standard","meta":{"footnotes":""},"categories":[109,6,25],"tags":[],"class_list":["post-11900","post","type-post","status-publish","format-standard","has-post-thumbnail","hentry","category-francais","category-livros","category-seguranca-publica-e-defesa"],"views":301,"_links":{"self":[{"href":"https:\/\/www.bibliotecadeseguranca.com.br\/fr\/wp-json\/wp\/v2\/posts\/11900","targetHints":{"allow":["GET"]}}],"collection":[{"href":"https:\/\/www.bibliotecadeseguranca.com.br\/fr\/wp-json\/wp\/v2\/posts"}],"about":[{"href":"https:\/\/www.bibliotecadeseguranca.com.br\/fr\/wp-json\/wp\/v2\/types\/post"}],"author":[{"embeddable":true,"href":"https:\/\/www.bibliotecadeseguranca.com.br\/fr\/wp-json\/wp\/v2\/users\/3"}],"replies":[{"embeddable":true,"href":"https:\/\/www.bibliotecadeseguranca.com.br\/fr\/wp-json\/wp\/v2\/comments?post=11900"}],"version-history":[{"count":1,"href":"https:\/\/www.bibliotecadeseguranca.com.br\/fr\/wp-json\/wp\/v2\/posts\/11900\/revisions"}],"predecessor-version":[{"id":11902,"href":"https:\/\/www.bibliotecadeseguranca.com.br\/fr\/wp-json\/wp\/v2\/posts\/11900\/revisions\/11902"}],"wp:featuredmedia":[{"embeddable":true,"href":"https:\/\/www.bibliotecadeseguranca.com.br\/fr\/wp-json\/wp\/v2\/media\/11901"}],"wp:attachment":[{"href":"https:\/\/www.bibliotecadeseguranca.com.br\/fr\/wp-json\/wp\/v2\/media?parent=11900"}],"wp:term":[{"taxonomy":"category","embeddable":true,"href":"https:\/\/www.bibliotecadeseguranca.com.br\/fr\/wp-json\/wp\/v2\/categories?post=11900"},{"taxonomy":"post_tag","embeddable":true,"href":"https:\/\/www.bibliotecadeseguranca.com.br\/fr\/wp-json\/wp\/v2\/tags?post=11900"}],"curies":[{"name":"wp","href":"https:\/\/api.w.org\/{rel}","templated":true}]}}