{"id":11897,"date":"2015-01-13T08:30:16","date_gmt":"2015-01-13T11:30:16","guid":{"rendered":"http:\/\/www.bibliotecadeseguranca.com.br\/fr\/?p=11897"},"modified":"2015-01-13T07:41:08","modified_gmt":"2015-01-13T10:41:08","slug":"gestao-de-riscos-positivos","status":"publish","type":"post","link":"https:\/\/www.bibliotecadeseguranca.com.br\/fr\/livros\/gestao-de-riscos-positivos\/","title":{"rendered":"Gest\u00e3o de Riscos Positivos"},"content":{"rendered":"<p><span style=\"color: #003366;\"><strong><img loading=\"lazy\" decoding=\"async\" class=\"alignleft size-full wp-image-11898\" src=\"http:\/\/www.bibliotecadeseguranca.com.br\/fr\/wp-content\/uploads\/2015\/01\/gestao-de-riscos-positivos.jpg\" alt=\"Gest\u00e3o de Riscos Positivos\" width=\"145\" height=\"219\" srcset=\"https:\/\/www.bibliotecadeseguranca.com.br\/fr\/wp-content\/uploads\/2015\/01\/gestao-de-riscos-positivos.jpg 145w, https:\/\/www.bibliotecadeseguranca.com.br\/fr\/wp-content\/uploads\/2015\/01\/gestao-de-riscos-positivos-99x150.jpg 99w\" sizes=\"auto, (max-width: 145px) 100vw, 145px\" \/>Andr\u00e9 Macieira, Daniel Karrer, Leandro Jesus, Rafael Clemente<\/strong><\/span><\/p>\n<p><span style=\"color: #003366;\"><strong>Editor Sicurezza<\/strong><\/span><\/p>\n<p><span style=\"color: #003366;\"><strong>Descripci\u00f3n:<\/strong><\/span> Voc\u00ea saberia dizer o que \u00e9 risco positivo? Saberia dizer tamb\u00e9m o que n\u00e3o \u00e9? Ou ent\u00e3o, saberia responder por que as organiza\u00e7\u00f5es, atualmente, n\u00e3o gerem seus riscos positivos? Andr\u00e9 Macieira sabe e explica sucintamente em obra Gest\u00e3o de Riscos Positivos (Sicurezza, 2011).<br \/>\nO mestre em Engenharia de Produ\u00e7\u00e3o pela Universidade Federal do Rio de Janeiro (UFRJ); professor das disciplinas de Gest\u00e3o de Risco Operacional e Estrat\u00e9gia Empresarial em MBA e cursos de discuss\u00e3o da COPPE\/UFRJ. FUNENSEG e INSADE e membro de grupos de discuss\u00e3o t\u00e9cnica de riscos da ABTN\/ISO, SCOR, AMCHAM e OCEG, d\u00e1 luz h\u00e1 uma das maiores lacunas de conhecimento no mercado de risco.<br \/>\nO autor inicia sua obra pondo fim \u00e0 quest\u00e3o do termo Risco Positivo que n\u00e3o \u00e9 sin\u00f4nimo de oportunidade. Risco positivo \u00e9 risco positivo, por mais paradoxal que possa soar a express\u00e3o \u201cseu uso \u00e9 intencional e refor\u00e7a o novo paradigma a ser constru\u00eddo de que risco em sua ess\u00eancia \u00e9 um evento ou situa\u00e7\u00e3o incerta que pode ser materializado tanto como uma amea\u00e7a quanto como uma oportunidade\u201d.<br \/>\nMas o questionamento central da obra ultrapassa a defini\u00e7\u00e3o do termo:<br \/>\nPor que as pessoas em geral e, principalmente, os gestores de risco se focam mais na face das incertezas que se n\u00e3o mitigadas, implicam em amea\u00e7as e perdas em vez de se focarem na face das incertezas que se bem exploradas, alavancam oportunidades com ganhos significativos para a organiza\u00e7\u00e3o?<br \/>\nAo longo de cinco cap\u00edtulos, a obra objetiva \u201campliar o entendimento sobre o conceito de incerteza e propor uma nova reflex\u00e3o \u00e0s \u00e1reas de risco operacional que hoje se perguntam: &#8211; Como a gest\u00e3o de riscos operacionais agrega valor ao meu neg\u00f3cio?<br \/>\nSegundo o autor, que \u00e9 coordenador do grupo da ABTN para pesquisa e estudo em gest\u00e3o de riscos positivos, o questionamento ganhar\u00e1 outro sentido quando as organiza\u00e7\u00f5es concentrarem seus esfor\u00e7os na gest\u00e3o das incertezas que influenciam positivamente os resultados obtidos.<br \/>\nMacieira prop\u00f5e \u00e0s empresas que desejam atuar pr\u00f3-ativamente nas suas fontes de incerteza para alavancar oportunidades financeiras lucrativas, que se empenhem em responder \u00e0 pergunta: &#8211; Quais s\u00e3o nossas defici\u00eancias e vulnerabilidade em termos de pessoas, processos e sistemas que impedem que os ganhos de uma oportunidade potencial sejam explorados no limite?<br \/>\nEssa atitude pr\u00f3-ativa \u00e9, segundo o autor, um dos maiores desafios para os pr\u00f3ximos anos.<br \/>\nQuase um ter\u00e7o da obra \u00e9 composto de anexos, em sua maioria fluxogramas citados ao longo do texto e que facilita a implementa\u00e7\u00e3o do framework de gest\u00e3o de riscos positivos.<\/p>\n","protected":false},"excerpt":{"rendered":"<p>Andr\u00e9 Macieira, Daniel Karrer, Leandro Jesus, Rafael Clemente Editor Sicurezza Descripci\u00f3n: Voc\u00ea saberia dizer o que \u00e9 risco positivo? Saberia dizer tamb\u00e9m o que n\u00e3o \u00e9? Ou ent\u00e3o, saberia responder por que as organiza\u00e7\u00f5es, atualmente, n\u00e3o gerem seus riscos positivos? Andr\u00e9 Macieira sabe e explica sucintamente em obra Gest\u00e3o de Riscos Positivos (Sicurezza, 2011). O mestre em Engenharia de Produ\u00e7\u00e3o pela Universidade Federal do Rio de Janeiro (UFRJ); professor das&hellip; <\/p>\n","protected":false},"author":3,"featured_media":11898,"comment_status":"open","ping_status":"closed","sticky":false,"template":"","format":"standard","meta":{"footnotes":""},"categories":[14,6,19],"tags":[],"class_list":["post-11897","post","type-post","status-publish","format-standard","has-post-thumbnail","hentry","category-administracao-e-estrategia-empresarial","category-livros","category-risco-e-perdas"],"views":206,"_links":{"self":[{"href":"https:\/\/www.bibliotecadeseguranca.com.br\/fr\/wp-json\/wp\/v2\/posts\/11897","targetHints":{"allow":["GET"]}}],"collection":[{"href":"https:\/\/www.bibliotecadeseguranca.com.br\/fr\/wp-json\/wp\/v2\/posts"}],"about":[{"href":"https:\/\/www.bibliotecadeseguranca.com.br\/fr\/wp-json\/wp\/v2\/types\/post"}],"author":[{"embeddable":true,"href":"https:\/\/www.bibliotecadeseguranca.com.br\/fr\/wp-json\/wp\/v2\/users\/3"}],"replies":[{"embeddable":true,"href":"https:\/\/www.bibliotecadeseguranca.com.br\/fr\/wp-json\/wp\/v2\/comments?post=11897"}],"version-history":[{"count":1,"href":"https:\/\/www.bibliotecadeseguranca.com.br\/fr\/wp-json\/wp\/v2\/posts\/11897\/revisions"}],"predecessor-version":[{"id":11899,"href":"https:\/\/www.bibliotecadeseguranca.com.br\/fr\/wp-json\/wp\/v2\/posts\/11897\/revisions\/11899"}],"wp:featuredmedia":[{"embeddable":true,"href":"https:\/\/www.bibliotecadeseguranca.com.br\/fr\/wp-json\/wp\/v2\/media\/11898"}],"wp:attachment":[{"href":"https:\/\/www.bibliotecadeseguranca.com.br\/fr\/wp-json\/wp\/v2\/media?parent=11897"}],"wp:term":[{"taxonomy":"category","embeddable":true,"href":"https:\/\/www.bibliotecadeseguranca.com.br\/fr\/wp-json\/wp\/v2\/categories?post=11897"},{"taxonomy":"post_tag","embeddable":true,"href":"https:\/\/www.bibliotecadeseguranca.com.br\/fr\/wp-json\/wp\/v2\/tags?post=11897"}],"curies":[{"name":"wp","href":"https:\/\/api.w.org\/{rel}","templated":true}]}}