{"id":11891,"date":"2015-01-12T08:30:54","date_gmt":"2015-01-12T11:30:54","guid":{"rendered":"http:\/\/www.bibliotecadeseguranca.com.br\/fr\/?p=11891"},"modified":"2015-01-12T07:25:11","modified_gmt":"2015-01-12T10:25:11","slug":"gestao-empresarial-2","status":"publish","type":"post","link":"https:\/\/www.bibliotecadeseguranca.com.br\/fr\/livros\/gestao-empresarial-2\/","title":{"rendered":"Gest\u00e3o Empresarial"},"content":{"rendered":"<p><span style=\"color: #003366;\"><strong><img loading=\"lazy\" decoding=\"async\" class=\"alignleft size-full wp-image-11892\" src=\"http:\/\/www.bibliotecadeseguranca.com.br\/fr\/wp-content\/uploads\/2015\/01\/gestao-empresarial.jpg\" alt=\"Gest\u00e3o Empresarial\" width=\"145\" height=\"205\" srcset=\"https:\/\/www.bibliotecadeseguranca.com.br\/fr\/wp-content\/uploads\/2015\/01\/gestao-empresarial.jpg 145w, https:\/\/www.bibliotecadeseguranca.com.br\/fr\/wp-content\/uploads\/2015\/01\/gestao-empresarial-106x150.jpg 106w\" sizes=\"auto, (max-width: 145px) 100vw, 145px\" \/>Manuel Portugal Ferreira<\/strong><\/span><\/p>\n<p><span style=\"color: #003366;\"><strong>Editor Lidel<\/strong><\/span><\/p>\n<p><span style=\"color: #003366;\"><strong>Descripci\u00f3n:<\/strong><\/span> Este livro faz uma abordagem geral \u00e0 gest\u00e3o empresarial. A gest\u00e3o moderna, de empresas competitivas, requer a an\u00e1lise externa do meio envolvente e interna da empresa para a melhor a\u00e7\u00e3o estrat\u00e9gica quer no mercado nacional, quer internacional. Mas gerir envolve tamb\u00e9m pensar a melhor forma de organizar e estruturar, de selecionar e liderar as pessoas, de promover a \u00e9tica dos comportamentos e de agir no mercado atrav\u00e9s do marketing. Mais do que uma arte ou de senso comum, a gest\u00e3o precisa de ser profissional e suportada em t\u00e9cnicas e instrumentos de planejamento e a\u00e7\u00e3o.<br \/>\nAgora com um livro de Casos de Estudo como parte integrante da obra, \u201cGest\u00e3o Empresarial\u201d torna-se numa ferramenta ainda mais \u00fatil quer para estudantes, pela possibilidade de an\u00e1lise de contextos e decis\u00f5es, quer para gestores e executivos, que por certo encontrar\u00e3o aqui o parceiro certo na ajuda \u00e0 decis\u00e3o, gest\u00e3o, implementa\u00e7\u00e3o de pol\u00edticas de recursos humanos, promo\u00e7\u00e3o internacional das empresas, marketing e, tamb\u00e9m, expans\u00e3o ou retra\u00e7\u00e3o dos investimentos.<br \/>\nOs casos de estudo apresentados podem ser adaptados aos v\u00e1rios cap\u00edtulos presentes na obra, sendo que todos eles incluem perguntas orientadoras no final.<\/p>\n","protected":false},"excerpt":{"rendered":"<p>Manuel Portugal Ferreira Editor Lidel Descripci\u00f3n: Este livro faz uma abordagem geral \u00e0 gest\u00e3o empresarial. A gest\u00e3o moderna, de empresas competitivas, requer a an\u00e1lise externa do meio envolvente e interna da empresa para a melhor a\u00e7\u00e3o estrat\u00e9gica quer no mercado nacional, quer internacional. Mas gerir envolve tamb\u00e9m pensar a melhor forma de organizar e estruturar, de selecionar e liderar as pessoas, de promover a \u00e9tica dos comportamentos e de agir&hellip; <\/p>\n","protected":false},"author":3,"featured_media":11892,"comment_status":"open","ping_status":"closed","sticky":false,"template":"","format":"standard","meta":{"footnotes":""},"categories":[14,6],"tags":[],"class_list":["post-11891","post","type-post","status-publish","format-standard","has-post-thumbnail","hentry","category-administracao-e-estrategia-empresarial","category-livros"],"views":297,"_links":{"self":[{"href":"https:\/\/www.bibliotecadeseguranca.com.br\/fr\/wp-json\/wp\/v2\/posts\/11891","targetHints":{"allow":["GET"]}}],"collection":[{"href":"https:\/\/www.bibliotecadeseguranca.com.br\/fr\/wp-json\/wp\/v2\/posts"}],"about":[{"href":"https:\/\/www.bibliotecadeseguranca.com.br\/fr\/wp-json\/wp\/v2\/types\/post"}],"author":[{"embeddable":true,"href":"https:\/\/www.bibliotecadeseguranca.com.br\/fr\/wp-json\/wp\/v2\/users\/3"}],"replies":[{"embeddable":true,"href":"https:\/\/www.bibliotecadeseguranca.com.br\/fr\/wp-json\/wp\/v2\/comments?post=11891"}],"version-history":[{"count":1,"href":"https:\/\/www.bibliotecadeseguranca.com.br\/fr\/wp-json\/wp\/v2\/posts\/11891\/revisions"}],"predecessor-version":[{"id":11893,"href":"https:\/\/www.bibliotecadeseguranca.com.br\/fr\/wp-json\/wp\/v2\/posts\/11891\/revisions\/11893"}],"wp:featuredmedia":[{"embeddable":true,"href":"https:\/\/www.bibliotecadeseguranca.com.br\/fr\/wp-json\/wp\/v2\/media\/11892"}],"wp:attachment":[{"href":"https:\/\/www.bibliotecadeseguranca.com.br\/fr\/wp-json\/wp\/v2\/media?parent=11891"}],"wp:term":[{"taxonomy":"category","embeddable":true,"href":"https:\/\/www.bibliotecadeseguranca.com.br\/fr\/wp-json\/wp\/v2\/categories?post=11891"},{"taxonomy":"post_tag","embeddable":true,"href":"https:\/\/www.bibliotecadeseguranca.com.br\/fr\/wp-json\/wp\/v2\/tags?post=11891"}],"curies":[{"name":"wp","href":"https:\/\/api.w.org\/{rel}","templated":true}]}}