{"id":11873,"date":"2015-01-08T08:30:58","date_gmt":"2015-01-08T11:30:58","guid":{"rendered":"http:\/\/www.bibliotecadeseguranca.com.br\/fr\/?p=11873"},"modified":"2015-01-08T00:15:26","modified_gmt":"2015-01-08T03:15:26","slug":"pericia-ambiental-criminal","status":"publish","type":"post","link":"https:\/\/www.bibliotecadeseguranca.com.br\/fr\/livros\/pericia-ambiental-criminal\/","title":{"rendered":"Per\u00edcia Ambiental Criminal"},"content":{"rendered":"<p><span style=\"color: #003366;\"><strong><img loading=\"lazy\" decoding=\"async\" class=\"alignleft size-full wp-image-11874\" src=\"http:\/\/www.bibliotecadeseguranca.com.br\/fr\/wp-content\/uploads\/2015\/01\/pericia-ambiental-criminal.jpg\" alt=\"Per\u00edcia Ambiental Criminal\" width=\"145\" height=\"212\" srcset=\"https:\/\/www.bibliotecadeseguranca.com.br\/fr\/wp-content\/uploads\/2015\/01\/pericia-ambiental-criminal.jpg 145w, https:\/\/www.bibliotecadeseguranca.com.br\/fr\/wp-content\/uploads\/2015\/01\/pericia-ambiental-criminal-102x150.jpg 102w\" sizes=\"auto, (max-width: 145px) 100vw, 145px\" \/>Domingos Tocchetto &#8211; Organizador<\/strong><\/span><\/p>\n<p><span style=\"color: #003366;\"><strong>Editor Millennium<\/strong><\/span><\/p>\n<p><span style=\"color: #003366;\"><strong>Descripci\u00f3n:<\/strong><\/span> O Planeta Terra agoniza. J\u00e1 com grande atraso, os pa\u00edses mais influentes come\u00e7am a dedicar a devida aten\u00e7\u00e3o a problemas como o dos crimes ambientais. Nesse contexto o Brasil tem papel exemplar: em outubro de 2005 instalou-se no Tribunal de Justi\u00e7a de S\u00e3o Paulo a primeira C\u00e2mara Especial do Meio Ambiente das Am\u00e9ricas. J\u00e1 na terceira C\u00e2mara, com extraordin\u00e1rios resultados, a iniciativa tende a se estender para outros estados. Promotores do Minist\u00e9rio P\u00fablico, Magistrados e escrit\u00f3rios de Advocacia se estruturam para formular acusa\u00e7\u00f5es, defesas e julgamentos em f\u00f3runs altamente especializados.<br \/>\nNo cerne das quest\u00f5es ambientais est\u00e1 o papel do Perito Criminalista: \u00e9 com base em seus laudos periciais que s\u00e3o julgados os processos. C\u00f4nscio dessa import\u00e2ncia, o Perito Criminalista e tamb\u00e9m bi\u00f3logo Domingos Tocchetto h\u00e1 muito vem preconizando, de um lado, a necessidade de se elaborar um roteiro objetivo e conciso que re\u00fana os melhores fundamentos t\u00e9cnicos e legais e a ado\u00e7\u00e3o de padr\u00f5es de metodologia pericial; e, de outro, a capacita\u00e7\u00e3o profissional e aperfei\u00e7oamento dos peritos nessa mat\u00e9ria, de maneira un\u00edvoca, para oferecer \u00e0 Justi\u00e7a elementos ricos, consistentes e completos.<br \/>\nA terceira edi\u00e7\u00e3o desta obra pioneira vem substantivamente ampliada. Est\u00e3o aqui reunidos trabalhos de grandes especialistas de \u00e1reas multidisciplinares que brindam os leitores com conceitos, pol\u00edticas, m\u00e9todos e t\u00e9cnicas al\u00e9m da vasta experi\u00eancia em investiga\u00e7\u00f5es de grande repercuss\u00e3o forense.<\/p>\n","protected":false},"excerpt":{"rendered":"<p>Domingos Tocchetto &#8211; Organizador Editor Millennium Descripci\u00f3n: O Planeta Terra agoniza. J\u00e1 com grande atraso, os pa\u00edses mais influentes come\u00e7am a dedicar a devida aten\u00e7\u00e3o a problemas como o dos crimes ambientais. Nesse contexto o Brasil tem papel exemplar: em outubro de 2005 instalou-se no Tribunal de Justi\u00e7a de S\u00e3o Paulo a primeira C\u00e2mara Especial do Meio Ambiente das Am\u00e9ricas. J\u00e1 na terceira C\u00e2mara, com extraordin\u00e1rios resultados, a iniciativa tende&hellip; <\/p>\n","protected":false},"author":3,"featured_media":11874,"comment_status":"open","ping_status":"closed","sticky":false,"template":"","format":"standard","meta":{"footnotes":""},"categories":[10,15,6],"tags":[],"class_list":["post-11873","post","type-post","status-publish","format-standard","has-post-thumbnail","hentry","category-crime-violencia-e-criminologia","category-fraude-e-investigacao","category-livros"],"views":285,"_links":{"self":[{"href":"https:\/\/www.bibliotecadeseguranca.com.br\/fr\/wp-json\/wp\/v2\/posts\/11873","targetHints":{"allow":["GET"]}}],"collection":[{"href":"https:\/\/www.bibliotecadeseguranca.com.br\/fr\/wp-json\/wp\/v2\/posts"}],"about":[{"href":"https:\/\/www.bibliotecadeseguranca.com.br\/fr\/wp-json\/wp\/v2\/types\/post"}],"author":[{"embeddable":true,"href":"https:\/\/www.bibliotecadeseguranca.com.br\/fr\/wp-json\/wp\/v2\/users\/3"}],"replies":[{"embeddable":true,"href":"https:\/\/www.bibliotecadeseguranca.com.br\/fr\/wp-json\/wp\/v2\/comments?post=11873"}],"version-history":[{"count":1,"href":"https:\/\/www.bibliotecadeseguranca.com.br\/fr\/wp-json\/wp\/v2\/posts\/11873\/revisions"}],"predecessor-version":[{"id":11875,"href":"https:\/\/www.bibliotecadeseguranca.com.br\/fr\/wp-json\/wp\/v2\/posts\/11873\/revisions\/11875"}],"wp:featuredmedia":[{"embeddable":true,"href":"https:\/\/www.bibliotecadeseguranca.com.br\/fr\/wp-json\/wp\/v2\/media\/11874"}],"wp:attachment":[{"href":"https:\/\/www.bibliotecadeseguranca.com.br\/fr\/wp-json\/wp\/v2\/media?parent=11873"}],"wp:term":[{"taxonomy":"category","embeddable":true,"href":"https:\/\/www.bibliotecadeseguranca.com.br\/fr\/wp-json\/wp\/v2\/categories?post=11873"},{"taxonomy":"post_tag","embeddable":true,"href":"https:\/\/www.bibliotecadeseguranca.com.br\/fr\/wp-json\/wp\/v2\/tags?post=11873"}],"curies":[{"name":"wp","href":"https:\/\/api.w.org\/{rel}","templated":true}]}}