{"id":11828,"date":"2014-12-24T08:30:49","date_gmt":"2014-12-24T11:30:49","guid":{"rendered":"http:\/\/www.bibliotecadeseguranca.com.br\/fr\/?p=11828"},"modified":"2014-12-24T07:30:38","modified_gmt":"2014-12-24T10:30:38","slug":"seguranca-da-informacao-principios-e-controle-de-ameacas","status":"publish","type":"post","link":"https:\/\/www.bibliotecadeseguranca.com.br\/fr\/livros\/seguranca-da-informacao-principios-e-controle-de-ameacas\/","title":{"rendered":"Seguran\u00e7a da Informa\u00e7\u00e3o: Princ\u00edpios e Controle de Amea\u00e7as"},"content":{"rendered":"<p><span style=\"color: #003366;\"><strong><img loading=\"lazy\" decoding=\"async\" class=\"alignleft size-full wp-image-11829\" src=\"http:\/\/www.bibliotecadeseguranca.com.br\/fr\/wp-content\/uploads\/2014\/12\/seguranca-da-informacao-principios-e-controle-de-ameacas.jpg\" alt=\"Seguran\u00e7a da Informa\u00e7\u00e3o: Princ\u00edpios e Controle de Amea\u00e7as\" width=\"145\" height=\"194\" srcset=\"https:\/\/www.bibliotecadeseguranca.com.br\/fr\/wp-content\/uploads\/2014\/12\/seguranca-da-informacao-principios-e-controle-de-ameacas.jpg 145w, https:\/\/www.bibliotecadeseguranca.com.br\/fr\/wp-content\/uploads\/2014\/12\/seguranca-da-informacao-principios-e-controle-de-ameacas-112x150.jpg 112w\" sizes=\"auto, (max-width: 145px) 100vw, 145px\" \/>Felipe Nery Rodrigues Machado<\/strong><\/span><\/p>\n<p><span style=\"color: #003366;\"><strong>Editor \u00c9rica<\/strong><\/span><\/p>\n<p><span style=\"color: #003366;\"><strong>Descripci\u00f3n:<\/strong><\/span> Esta s\u00e9rie foi criada para atender aos eixos tecnol\u00f3gicos que orientamos cursos t\u00e9cnicos e profissionalizantes em \u00e2mbito nacional. Seu objetivo \u00e9 capacitar o aluno para o mercado de trabalho, fornecendo, al\u00e9m de fundamentos te\u00f3ricos, aspectos pr\u00e1ticos que geram uma perspectiva de inser\u00e7\u00e3o no setor produtivo e, at\u00e9 mesmo, de requalifica\u00e7\u00e3o. O conte\u00fado pode ser entendido a cursos de Forma\u00e7\u00e3o Inicial e Continuada (FIC), pois o material \u00e9 agrad\u00e1vel e moderno; o aprendizado, gradativo e did\u00e1tico. Est\u00e1 adequado \u00e0s \u00e1reas de conhecimento e aos componentes curriculares \u2013 com exemplos e exerc\u00edcios de fixa\u00e7\u00e3o \u2013 e \u00e9 proporcional \u00e0s grades hor\u00e1rias das principais institui\u00e7\u00f5es de ensino, portanto o professor pode utiliz\u00e1-lo como livro-texto em sala de aula.<\/p>\n","protected":false},"excerpt":{"rendered":"<p>Felipe Nery Rodrigues Machado Editor \u00c9rica Descripci\u00f3n: Esta s\u00e9rie foi criada para atender aos eixos tecnol\u00f3gicos que orientamos cursos t\u00e9cnicos e profissionalizantes em \u00e2mbito nacional. Seu objetivo \u00e9 capacitar o aluno para o mercado de trabalho, fornecendo, al\u00e9m de fundamentos te\u00f3ricos, aspectos pr\u00e1ticos que geram uma perspectiva de inser\u00e7\u00e3o no setor produtivo e, at\u00e9 mesmo, de requalifica\u00e7\u00e3o. O conte\u00fado pode ser entendido a cursos de Forma\u00e7\u00e3o Inicial e Continuada (FIC),&hellip; <\/p>\n","protected":false},"author":3,"featured_media":11829,"comment_status":"open","ping_status":"closed","sticky":false,"template":"","format":"standard","meta":{"footnotes":""},"categories":[6,20],"tags":[],"class_list":["post-11828","post","type-post","status-publish","format-standard","has-post-thumbnail","hentry","category-livros","category-seguranca-da-informacao"],"views":203,"_links":{"self":[{"href":"https:\/\/www.bibliotecadeseguranca.com.br\/fr\/wp-json\/wp\/v2\/posts\/11828","targetHints":{"allow":["GET"]}}],"collection":[{"href":"https:\/\/www.bibliotecadeseguranca.com.br\/fr\/wp-json\/wp\/v2\/posts"}],"about":[{"href":"https:\/\/www.bibliotecadeseguranca.com.br\/fr\/wp-json\/wp\/v2\/types\/post"}],"author":[{"embeddable":true,"href":"https:\/\/www.bibliotecadeseguranca.com.br\/fr\/wp-json\/wp\/v2\/users\/3"}],"replies":[{"embeddable":true,"href":"https:\/\/www.bibliotecadeseguranca.com.br\/fr\/wp-json\/wp\/v2\/comments?post=11828"}],"version-history":[{"count":1,"href":"https:\/\/www.bibliotecadeseguranca.com.br\/fr\/wp-json\/wp\/v2\/posts\/11828\/revisions"}],"predecessor-version":[{"id":11830,"href":"https:\/\/www.bibliotecadeseguranca.com.br\/fr\/wp-json\/wp\/v2\/posts\/11828\/revisions\/11830"}],"wp:featuredmedia":[{"embeddable":true,"href":"https:\/\/www.bibliotecadeseguranca.com.br\/fr\/wp-json\/wp\/v2\/media\/11829"}],"wp:attachment":[{"href":"https:\/\/www.bibliotecadeseguranca.com.br\/fr\/wp-json\/wp\/v2\/media?parent=11828"}],"wp:term":[{"taxonomy":"category","embeddable":true,"href":"https:\/\/www.bibliotecadeseguranca.com.br\/fr\/wp-json\/wp\/v2\/categories?post=11828"},{"taxonomy":"post_tag","embeddable":true,"href":"https:\/\/www.bibliotecadeseguranca.com.br\/fr\/wp-json\/wp\/v2\/tags?post=11828"}],"curies":[{"name":"wp","href":"https:\/\/api.w.org\/{rel}","templated":true}]}}