{"id":11792,"date":"2014-12-15T08:30:43","date_gmt":"2014-12-15T11:30:43","guid":{"rendered":"http:\/\/www.bibliotecadeseguranca.com.br\/fr\/?p=11792"},"modified":"2014-12-15T08:17:28","modified_gmt":"2014-12-15T11:17:28","slug":"manual-de-formacao-profissional-europeia-em-guarda-e-vigilancia","status":"publish","type":"post","link":"https:\/\/www.bibliotecadeseguranca.com.br\/fr\/livros\/manual-de-formacao-profissional-europeia-em-guarda-e-vigilancia\/","title":{"rendered":"Manual de Forma\u00e7\u00e3o Profissional Europeia em Guarda e Vigil\u00e2ncia"},"content":{"rendered":"<p><span style=\"color: #003366;\"><strong><img loading=\"lazy\" decoding=\"async\" class=\"alignleft size-full wp-image-11793\" src=\"http:\/\/www.bibliotecadeseguranca.com.br\/fr\/wp-content\/uploads\/2014\/12\/manual-de-formacao-profissional-europeia-em-guarda-e-vigilancia.jpg\" alt=\"Manual de Forma\u00e7\u00e3o Profissional Europeia em Guarda e Vigil\u00e2ncia\" width=\"145\" height=\"208\" srcset=\"https:\/\/www.bibliotecadeseguranca.com.br\/fr\/wp-content\/uploads\/2014\/12\/manual-de-formacao-profissional-europeia-em-guarda-e-vigilancia.jpg 145w, https:\/\/www.bibliotecadeseguranca.com.br\/fr\/wp-content\/uploads\/2014\/12\/manual-de-formacao-profissional-europeia-em-guarda-e-vigilancia-104x150.jpg 104w\" sizes=\"auto, (max-width: 145px) 100vw, 145px\" \/>Louis Spaninks, Larri Quinn, John Birne<\/strong><\/span><\/p>\n<p><span style=\"color: #003366;\"><strong>Editor R\u00e9\u00e9dition<\/strong><\/span><\/p>\n<p><span style=\"color: #003366;\"><strong>Descripci\u00f3n:<\/strong><\/span> O manual de forma\u00e7\u00e3o profissional europeia em guarda e vigil\u00e2ncia da ind\u00fastria de seguran\u00e7a privada na Europa, \u00e9 o resultado de 3 anos de trabalho intenso e de uma estreita colabora\u00e7\u00e3o entre os parceiros sociais, a CoESS e a UNI-EUROPA, com o apoio da DG de Educa\u00e7\u00e3o e Cultura e a DG do Emprego e Assuntos Sociais. A<br \/>\nconclus\u00e3o frut\u00edfera deste projecto p\u00f4de ser realizada gra\u00e7as \u00e0 participa\u00e7\u00e3o activa, ao reconhecimento m\u00fatuo e ao respeito constante entre os parceiros sociais.Esta coopera\u00e7\u00e3o permitiu a sua elabora\u00e7\u00e3o, o profissionalismo e a elevada qualidade do conte\u00fado do Manual de Forma\u00e7\u00e3o Profissional Europeia em Guarda e Seguran\u00e7a.<\/p>\n<p><a href=\"http:\/\/www.bibliotecadeseguranca.com.br\/wp-content\/uploads\/2014\/12\/manual_formacao_profissional_seguranca_na_europa_2003.pdf\" target=\"_blank\"><img loading=\"lazy\" decoding=\"async\" class=\"alignleft wp-image-11252 size-full\" src=\"http:\/\/www.bibliotecadeseguranca.com.br\/fr\/wp-content\/uploads\/2014\/08\/descargar.gif\" alt=\"Descargar\" width=\"93\" height=\"25\" \/><\/a><\/p>\n","protected":false},"excerpt":{"rendered":"<p>Louis Spaninks, Larri Quinn, John Birne Editor R\u00e9\u00e9dition Descripci\u00f3n: O manual de forma\u00e7\u00e3o profissional europeia em guarda e vigil\u00e2ncia da ind\u00fastria de seguran\u00e7a privada na Europa, \u00e9 o resultado de 3 anos de trabalho intenso e de uma estreita colabora\u00e7\u00e3o entre os parceiros sociais, a CoESS e a UNI-EUROPA, com o apoio da DG de Educa\u00e7\u00e3o e Cultura e a DG do Emprego e Assuntos Sociais. A conclus\u00e3o frut\u00edfera deste&hellip; <\/p>\n","protected":false},"author":3,"featured_media":11793,"comment_status":"open","ping_status":"closed","sticky":false,"template":"","format":"standard","meta":{"footnotes":""},"categories":[23,6,112],"tags":[],"class_list":["post-11792","post","type-post","status-publish","format-standard","has-post-thumbnail","hentry","category-gestao-da-seguranca-empresarial","category-livros","category-download"],"views":257,"_links":{"self":[{"href":"https:\/\/www.bibliotecadeseguranca.com.br\/fr\/wp-json\/wp\/v2\/posts\/11792","targetHints":{"allow":["GET"]}}],"collection":[{"href":"https:\/\/www.bibliotecadeseguranca.com.br\/fr\/wp-json\/wp\/v2\/posts"}],"about":[{"href":"https:\/\/www.bibliotecadeseguranca.com.br\/fr\/wp-json\/wp\/v2\/types\/post"}],"author":[{"embeddable":true,"href":"https:\/\/www.bibliotecadeseguranca.com.br\/fr\/wp-json\/wp\/v2\/users\/3"}],"replies":[{"embeddable":true,"href":"https:\/\/www.bibliotecadeseguranca.com.br\/fr\/wp-json\/wp\/v2\/comments?post=11792"}],"version-history":[{"count":2,"href":"https:\/\/www.bibliotecadeseguranca.com.br\/fr\/wp-json\/wp\/v2\/posts\/11792\/revisions"}],"predecessor-version":[{"id":11795,"href":"https:\/\/www.bibliotecadeseguranca.com.br\/fr\/wp-json\/wp\/v2\/posts\/11792\/revisions\/11795"}],"wp:featuredmedia":[{"embeddable":true,"href":"https:\/\/www.bibliotecadeseguranca.com.br\/fr\/wp-json\/wp\/v2\/media\/11793"}],"wp:attachment":[{"href":"https:\/\/www.bibliotecadeseguranca.com.br\/fr\/wp-json\/wp\/v2\/media?parent=11792"}],"wp:term":[{"taxonomy":"category","embeddable":true,"href":"https:\/\/www.bibliotecadeseguranca.com.br\/fr\/wp-json\/wp\/v2\/categories?post=11792"},{"taxonomy":"post_tag","embeddable":true,"href":"https:\/\/www.bibliotecadeseguranca.com.br\/fr\/wp-json\/wp\/v2\/tags?post=11792"}],"curies":[{"name":"wp","href":"https:\/\/api.w.org\/{rel}","templated":true}]}}