{"id":11775,"date":"2014-12-11T08:30:16","date_gmt":"2014-12-11T11:30:16","guid":{"rendered":"http:\/\/www.bibliotecadeseguranca.com.br\/fr\/?p=11775"},"modified":"2014-12-11T07:58:04","modified_gmt":"2014-12-11T10:58:04","slug":"gestao-empresarial-de-taylor-aos-nossos-dias","status":"publish","type":"post","link":"https:\/\/www.bibliotecadeseguranca.com.br\/fr\/livros\/gestao-empresarial-de-taylor-aos-nossos-dias\/","title":{"rendered":"Gest\u00e3o Empresarial: de Taylor aos nossos dias"},"content":{"rendered":"<p><span style=\"color: #003366;\"><strong><img loading=\"lazy\" decoding=\"async\" class=\"alignleft size-full wp-image-11776\" src=\"http:\/\/www.bibliotecadeseguranca.com.br\/fr\/wp-content\/uploads\/2014\/12\/gestao-empresarial-de-taylor-aos-nossos-dias.jpg\" alt=\"Gest\u00e3o Empresarial: de Taylor aos nossos dias\" width=\"145\" height=\"206\" srcset=\"https:\/\/www.bibliotecadeseguranca.com.br\/fr\/wp-content\/uploads\/2014\/12\/gestao-empresarial-de-taylor-aos-nossos-dias.jpg 145w, https:\/\/www.bibliotecadeseguranca.com.br\/fr\/wp-content\/uploads\/2014\/12\/gestao-empresarial-de-taylor-aos-nossos-dias-105x150.jpg 105w\" sizes=\"auto, (max-width: 145px) 100vw, 145px\" \/>Ademir Antonio Ferreira, Ana Carla Fonseca Reis, Maria Isabel Pereira<\/strong><\/span><\/p>\n<p><span style=\"color: #003366;\"><strong>Editor Pioneira Thomson Learning<\/strong><\/span><\/p>\n<p><span style=\"color: #003366;\"><strong>Descripci\u00f3n:<\/strong><\/span> O entendimento e o estudo da Administra\u00e7\u00e3o V\u00eam apresentando ineg\u00e1vel evolu\u00e7\u00e3o nos \u00faltimos anos. Surge de forma clara a necessidade de seu estudo sob um enfoque mais amplo e atualizado. \u00c9 motivada neste proposta que a obra tem sua origem e desenvolvimento.<br \/>\nDividida em tr\u00eas partes, na primeira aborda a Evolu\u00e7\u00e3o das Teorias Administrativas, onde \u00e9 feita uma revis\u00e3o hist\u00f3rica e conceitual das principais teorias administrativas, que se consagraram at\u00e9 meados da d\u00e9cada de 60. Na segunda parte &#8211; Teorias Modernas de Gest\u00e3o &#8211; s\u00e3o discutida as teorias de gest\u00e3o que v\u00eam sendo defendidas nas \u00faltimas d\u00e9cadas e que formam um corpo de conhecimentos consistente e abrangente nos aspectos t\u00e9cnicos, estrat\u00e9gicos e humanos que comp\u00f5e a organiza\u00e7\u00e3o.<br \/>\nA terceira parte &#8211; Estrat\u00e9gias Emergentes de Gest\u00e3o &#8211; traz as propostas de mudan\u00e7as mais recentes dos princ\u00edpios j\u00e1 consagrados e a forma de encarar os prop\u00f3sitos e a miss\u00e3o da organiza\u00e7\u00e3o. S\u00e3o propostas que atualmente est\u00e3o impulsionando as pesquisas na \u00e1rea de gest\u00e3o e recebendo forte influ\u00eancia do desenvolvimento tecnol\u00f3gico.<\/p>\n","protected":false},"excerpt":{"rendered":"<p>Ademir Antonio Ferreira, Ana Carla Fonseca Reis, Maria Isabel Pereira Editor Pioneira Thomson Learning Descripci\u00f3n: O entendimento e o estudo da Administra\u00e7\u00e3o V\u00eam apresentando ineg\u00e1vel evolu\u00e7\u00e3o nos \u00faltimos anos. Surge de forma clara a necessidade de seu estudo sob um enfoque mais amplo e atualizado. \u00c9 motivada neste proposta que a obra tem sua origem e desenvolvimento. Dividida em tr\u00eas partes, na primeira aborda a Evolu\u00e7\u00e3o das Teorias Administrativas, onde&hellip; <\/p>\n","protected":false},"author":3,"featured_media":11776,"comment_status":"open","ping_status":"closed","sticky":false,"template":"","format":"standard","meta":{"footnotes":""},"categories":[14,6],"tags":[],"class_list":["post-11775","post","type-post","status-publish","format-standard","has-post-thumbnail","hentry","category-administracao-e-estrategia-empresarial","category-livros"],"views":412,"_links":{"self":[{"href":"https:\/\/www.bibliotecadeseguranca.com.br\/fr\/wp-json\/wp\/v2\/posts\/11775","targetHints":{"allow":["GET"]}}],"collection":[{"href":"https:\/\/www.bibliotecadeseguranca.com.br\/fr\/wp-json\/wp\/v2\/posts"}],"about":[{"href":"https:\/\/www.bibliotecadeseguranca.com.br\/fr\/wp-json\/wp\/v2\/types\/post"}],"author":[{"embeddable":true,"href":"https:\/\/www.bibliotecadeseguranca.com.br\/fr\/wp-json\/wp\/v2\/users\/3"}],"replies":[{"embeddable":true,"href":"https:\/\/www.bibliotecadeseguranca.com.br\/fr\/wp-json\/wp\/v2\/comments?post=11775"}],"version-history":[{"count":1,"href":"https:\/\/www.bibliotecadeseguranca.com.br\/fr\/wp-json\/wp\/v2\/posts\/11775\/revisions"}],"predecessor-version":[{"id":11777,"href":"https:\/\/www.bibliotecadeseguranca.com.br\/fr\/wp-json\/wp\/v2\/posts\/11775\/revisions\/11777"}],"wp:featuredmedia":[{"embeddable":true,"href":"https:\/\/www.bibliotecadeseguranca.com.br\/fr\/wp-json\/wp\/v2\/media\/11776"}],"wp:attachment":[{"href":"https:\/\/www.bibliotecadeseguranca.com.br\/fr\/wp-json\/wp\/v2\/media?parent=11775"}],"wp:term":[{"taxonomy":"category","embeddable":true,"href":"https:\/\/www.bibliotecadeseguranca.com.br\/fr\/wp-json\/wp\/v2\/categories?post=11775"},{"taxonomy":"post_tag","embeddable":true,"href":"https:\/\/www.bibliotecadeseguranca.com.br\/fr\/wp-json\/wp\/v2\/tags?post=11775"}],"curies":[{"name":"wp","href":"https:\/\/api.w.org\/{rel}","templated":true}]}}