{"id":11769,"date":"2014-12-09T08:30:44","date_gmt":"2014-12-09T11:30:44","guid":{"rendered":"http:\/\/www.bibliotecadeseguranca.com.br\/fr\/?p=11769"},"modified":"2014-12-09T07:52:04","modified_gmt":"2014-12-09T10:52:04","slug":"gestao-publica-a-pericia-criminal-em-foco","status":"publish","type":"post","link":"https:\/\/www.bibliotecadeseguranca.com.br\/fr\/livros\/gestao-publica-a-pericia-criminal-em-foco\/","title":{"rendered":"Gest\u00e3o P\u00fablica &#8211; A Per\u00edcia Criminal em Foco"},"content":{"rendered":"<p><span style=\"color: #003366;\"><strong><img loading=\"lazy\" decoding=\"async\" class=\"alignleft size-full wp-image-11770\" src=\"http:\/\/www.bibliotecadeseguranca.com.br\/fr\/wp-content\/uploads\/2014\/12\/gestao-publica-a-pericia-criminal-em-foco.jpg\" alt=\"Gest\u00e3o P\u00fablica - A Per\u00edcia Criminal em Foco\" width=\"145\" height=\"209\" srcset=\"https:\/\/www.bibliotecadeseguranca.com.br\/fr\/wp-content\/uploads\/2014\/12\/gestao-publica-a-pericia-criminal-em-foco.jpg 145w, https:\/\/www.bibliotecadeseguranca.com.br\/fr\/wp-content\/uploads\/2014\/12\/gestao-publica-a-pericia-criminal-em-foco-104x150.jpg 104w\" sizes=\"auto, (max-width: 145px) 100vw, 145px\" \/>Fl\u00e1vio Carvalho de Vasconcelos, Joaquim Rubens Fontes Filho, M\u00e1rcia Aiko Tsunoda<\/strong><\/span><\/p>\n<p><span style=\"color: #003366;\"><strong>Editor FGV<\/strong><\/span><\/p>\n<p><span style=\"color: #003366;\"><strong>Descripci\u00f3n:<\/strong><\/span> O perito criminal \u00e9 o profissional que atua na criminal\u00edstica, sendo respons\u00e1vel pela aplica\u00e7\u00e3o da ci\u00eancia em prol da verdade e da justi\u00e7a. A criminal\u00edstica \u00e9 uma disciplina t\u00e9cnico-cient\u00edfica por natureza e jur\u00eddico-penal por destina\u00e7\u00e3o, e tem por objetivo trazer \u00e0 tona a din\u00e2mica dos fatos, a prova material das infra\u00e7\u00f5es penais e a identidade dos respectivos autores, por meio da pesquisa, do adequado exame e da interpreta\u00e7\u00e3o correta dos vest\u00edgios materiais dessas infra\u00e7\u00f5es. A obrigatoriedade da realiza\u00e7\u00e3o de per\u00edcia est\u00e1 contida no art. 158 do C\u00f3digo de Processo Penal Brasileiro: &#8216;Quando a infra\u00e7\u00e3o deixar vest\u00edgios, ser\u00e1 indispens\u00e1vel o exame de corpo de delito, direto ou indireto, n\u00e3o podendo supri-lo a confiss\u00e3o do acusado&#8217;. Investir na per\u00edcia significa garantir a elucida\u00e7\u00e3o dos crimes. Elucidar os crimes significa acabar com a certeza da impunidade. Acabar com a certeza da impunidade significa diminuir a criminalidade. Gest\u00e3o p\u00fablica: a per\u00edcia criminal em foco traz, sob o ponto de vista da gest\u00e3o, algumas reflex\u00f5es acerca deste fascinante universo.<\/p>\n","protected":false},"excerpt":{"rendered":"<p>Fl\u00e1vio Carvalho de Vasconcelos, Joaquim Rubens Fontes Filho, M\u00e1rcia Aiko Tsunoda Editor FGV Descripci\u00f3n: O perito criminal \u00e9 o profissional que atua na criminal\u00edstica, sendo respons\u00e1vel pela aplica\u00e7\u00e3o da ci\u00eancia em prol da verdade e da justi\u00e7a. A criminal\u00edstica \u00e9 uma disciplina t\u00e9cnico-cient\u00edfica por natureza e jur\u00eddico-penal por destina\u00e7\u00e3o, e tem por objetivo trazer \u00e0 tona a din\u00e2mica dos fatos, a prova material das infra\u00e7\u00f5es penais e a identidade dos&hellip; <\/p>\n","protected":false},"author":3,"featured_media":11770,"comment_status":"open","ping_status":"closed","sticky":false,"template":"","format":"standard","meta":{"footnotes":""},"categories":[10,6],"tags":[],"class_list":["post-11769","post","type-post","status-publish","format-standard","has-post-thumbnail","hentry","category-crime-violencia-e-criminologia","category-livros"],"views":325,"_links":{"self":[{"href":"https:\/\/www.bibliotecadeseguranca.com.br\/fr\/wp-json\/wp\/v2\/posts\/11769","targetHints":{"allow":["GET"]}}],"collection":[{"href":"https:\/\/www.bibliotecadeseguranca.com.br\/fr\/wp-json\/wp\/v2\/posts"}],"about":[{"href":"https:\/\/www.bibliotecadeseguranca.com.br\/fr\/wp-json\/wp\/v2\/types\/post"}],"author":[{"embeddable":true,"href":"https:\/\/www.bibliotecadeseguranca.com.br\/fr\/wp-json\/wp\/v2\/users\/3"}],"replies":[{"embeddable":true,"href":"https:\/\/www.bibliotecadeseguranca.com.br\/fr\/wp-json\/wp\/v2\/comments?post=11769"}],"version-history":[{"count":1,"href":"https:\/\/www.bibliotecadeseguranca.com.br\/fr\/wp-json\/wp\/v2\/posts\/11769\/revisions"}],"predecessor-version":[{"id":11771,"href":"https:\/\/www.bibliotecadeseguranca.com.br\/fr\/wp-json\/wp\/v2\/posts\/11769\/revisions\/11771"}],"wp:featuredmedia":[{"embeddable":true,"href":"https:\/\/www.bibliotecadeseguranca.com.br\/fr\/wp-json\/wp\/v2\/media\/11770"}],"wp:attachment":[{"href":"https:\/\/www.bibliotecadeseguranca.com.br\/fr\/wp-json\/wp\/v2\/media?parent=11769"}],"wp:term":[{"taxonomy":"category","embeddable":true,"href":"https:\/\/www.bibliotecadeseguranca.com.br\/fr\/wp-json\/wp\/v2\/categories?post=11769"},{"taxonomy":"post_tag","embeddable":true,"href":"https:\/\/www.bibliotecadeseguranca.com.br\/fr\/wp-json\/wp\/v2\/tags?post=11769"}],"curies":[{"name":"wp","href":"https:\/\/api.w.org\/{rel}","templated":true}]}}