{"id":11740,"date":"2014-12-03T08:30:29","date_gmt":"2014-12-03T11:30:29","guid":{"rendered":"http:\/\/www.bibliotecadeseguranca.com.br\/fr\/?p=11740"},"modified":"2014-12-03T08:18:57","modified_gmt":"2014-12-03T11:18:57","slug":"les-100-mots-du-terrorisme","status":"publish","type":"post","link":"https:\/\/www.bibliotecadeseguranca.com.br\/fr\/livros\/les-100-mots-du-terrorisme\/","title":{"rendered":"Les 100 mots du terrorisme"},"content":{"rendered":"<p><span style=\"color: #003366;\"><strong><img loading=\"lazy\" decoding=\"async\" class=\"alignleft size-full wp-image-11741\" src=\"http:\/\/www.bibliotecadeseguranca.com.br\/fr\/wp-content\/uploads\/2014\/12\/les-100-mots-du-terrorisme.jpg\" alt=\"Les 100 mots du terrorisme\" width=\"145\" height=\"222\" srcset=\"https:\/\/www.bibliotecadeseguranca.com.br\/fr\/wp-content\/uploads\/2014\/12\/les-100-mots-du-terrorisme.jpg 145w, https:\/\/www.bibliotecadeseguranca.com.br\/fr\/wp-content\/uploads\/2014\/12\/les-100-mots-du-terrorisme-97x150.jpg 97w\" sizes=\"auto, (max-width: 145px) 100vw, 145px\" \/>Alain Bauer<\/strong><\/span><\/p>\n<p><span style=\"color: #003366;\"><strong>Editor Presses Universitaires de France<\/strong><\/span><\/p>\n<p><span style=\"color: #003366;\"><strong>Descripci\u00f3n:<\/strong><\/span> Il n&#8217;existe pas un terrorisme \u00ab en soi \u00bb, mais des actes que la loi d&#8217;un pays et d&#8217;un moment qualifie comme tels. Initialement, terrorisme signifiait action sanglante destin\u00e9e \u00e0 paralyser de crainte la population. Le sens a \u00e9volu\u00e9 au fil du temps. Pour le dictionnaire, il est un \u00ab Ensemble d&#8217;actes de violence commis par une organisation pour cr\u00e9er un climat d&#8217;ins\u00e9curit\u00e9 ou renverser le gouvernement \u00e9tabli \u00bb. S&#8217;il existe bien une violence \u00e9tatique que certains peuvent qualifier de \u00ab terrorisme d \u00c9tat \u00bb, la plupart des actions terroristes s&#8217;adressent \u00e0 un \u00c9tat.<br \/>\nL&#8217;acte terroriste a une dimension politique qui s&#8217;exprime par la force symbolique : il sert \u00e0 dire autant qu&#8217;\u00e0 tuer et il tue pour mieux dire ; il n&#8217;aurait aucun sens si la cible ne comprenait pas pourquoi on tue. Le sang n&#8217;est que le vecteur d&#8217;un message comminatoire et aujourd&#8217;hui valoris\u00e9 par le recours aux techniques les plus modernes de l&#8217;information et de la communication. Le terroriste ne cherche ni \u00e0 convaincre ni \u00e0 s\u00e9duire ; il montre sa force et publie sa cause ; il contraint par la terreur ; il radicalise une situation en obligeant chacun \u00e0 choisir son camp.<br \/>\nEn 100 mots, d&#8217;\u00ab Action directe \u00bb \u00e0 \u00ab Ousama Ben Laden \u00bb, cet ouvrage propose de cerner un ph\u00e9nom\u00e8ne aussi ancien que polymorphe et qui interroge avec une acuit\u00e9 nouvelle, depuis le 11 septembre 2001, notre soci\u00e9t\u00e9.<\/p>\n","protected":false},"excerpt":{"rendered":"<p>Alain Bauer Editor Presses Universitaires de France Descripci\u00f3n: Il n&#8217;existe pas un terrorisme \u00ab en soi \u00bb, mais des actes que la loi d&#8217;un pays et d&#8217;un moment qualifie comme tels. Initialement, terrorisme signifiait action sanglante destin\u00e9e \u00e0 paralyser de crainte la population. Le sens a \u00e9volu\u00e9 au fil du temps. Pour le dictionnaire, il est un \u00ab Ensemble d&#8217;actes de violence commis par une organisation pour cr\u00e9er un climat&hellip; <\/p>\n","protected":false},"author":3,"featured_media":11741,"comment_status":"open","ping_status":"closed","sticky":false,"template":"","format":"standard","meta":{"footnotes":""},"categories":[109,6,25],"tags":[],"class_list":["post-11740","post","type-post","status-publish","format-standard","has-post-thumbnail","hentry","category-francais","category-livros","category-seguranca-publica-e-defesa"],"views":414,"_links":{"self":[{"href":"https:\/\/www.bibliotecadeseguranca.com.br\/fr\/wp-json\/wp\/v2\/posts\/11740","targetHints":{"allow":["GET"]}}],"collection":[{"href":"https:\/\/www.bibliotecadeseguranca.com.br\/fr\/wp-json\/wp\/v2\/posts"}],"about":[{"href":"https:\/\/www.bibliotecadeseguranca.com.br\/fr\/wp-json\/wp\/v2\/types\/post"}],"author":[{"embeddable":true,"href":"https:\/\/www.bibliotecadeseguranca.com.br\/fr\/wp-json\/wp\/v2\/users\/3"}],"replies":[{"embeddable":true,"href":"https:\/\/www.bibliotecadeseguranca.com.br\/fr\/wp-json\/wp\/v2\/comments?post=11740"}],"version-history":[{"count":1,"href":"https:\/\/www.bibliotecadeseguranca.com.br\/fr\/wp-json\/wp\/v2\/posts\/11740\/revisions"}],"predecessor-version":[{"id":11742,"href":"https:\/\/www.bibliotecadeseguranca.com.br\/fr\/wp-json\/wp\/v2\/posts\/11740\/revisions\/11742"}],"wp:featuredmedia":[{"embeddable":true,"href":"https:\/\/www.bibliotecadeseguranca.com.br\/fr\/wp-json\/wp\/v2\/media\/11741"}],"wp:attachment":[{"href":"https:\/\/www.bibliotecadeseguranca.com.br\/fr\/wp-json\/wp\/v2\/media?parent=11740"}],"wp:term":[{"taxonomy":"category","embeddable":true,"href":"https:\/\/www.bibliotecadeseguranca.com.br\/fr\/wp-json\/wp\/v2\/categories?post=11740"},{"taxonomy":"post_tag","embeddable":true,"href":"https:\/\/www.bibliotecadeseguranca.com.br\/fr\/wp-json\/wp\/v2\/tags?post=11740"}],"curies":[{"name":"wp","href":"https:\/\/api.w.org\/{rel}","templated":true}]}}