{"id":11716,"date":"2014-11-26T08:30:45","date_gmt":"2014-11-26T11:30:45","guid":{"rendered":"http:\/\/www.bibliotecadeseguranca.com.br\/fr\/?p=11716"},"modified":"2014-11-26T05:26:16","modified_gmt":"2014-11-26T08:26:16","slug":"la-formation-des-bandes","status":"publish","type":"post","link":"https:\/\/www.bibliotecadeseguranca.com.br\/fr\/livros\/la-formation-des-bandes\/","title":{"rendered":"La formation des bandes"},"content":{"rendered":"<p><span style=\"color: #003366;\"><strong><img loading=\"lazy\" decoding=\"async\" class=\"alignleft size-full wp-image-11717\" src=\"http:\/\/www.bibliotecadeseguranca.com.br\/fr\/wp-content\/uploads\/2014\/11\/la-formation-des-bandes.jpg\" alt=\"La formation des bandes\" width=\"145\" height=\"210\" srcset=\"https:\/\/www.bibliotecadeseguranca.com.br\/fr\/wp-content\/uploads\/2014\/11\/la-formation-des-bandes.jpg 145w, https:\/\/www.bibliotecadeseguranca.com.br\/fr\/wp-content\/uploads\/2014\/11\/la-formation-des-bandes-103x150.jpg 103w\" sizes=\"auto, (max-width: 145px) 100vw, 145px\" \/>Mohammed Marwan<\/strong><\/span><\/p>\n<p><span style=\"color: #003366;\"><strong>Editor Presses Universitaires de France<\/strong><\/span><\/p>\n<p><span style=\"color: #003366;\"><strong>Descripci\u00f3n:<\/strong><\/span> Le ph\u00e9nom\u00e8ne des bandes est \u00e0 la fois ancien et en constante mutation. La soci\u00e9t\u00e9 change, les bandes aussi. Il y a un demi-si\u00e8cle, leur ampleur et leur dur\u00e9e de vie \u00e9taient limit\u00e9es par le service militaire et surtout par le plein emploi. L&#8217;\u00e9cole ne conditionnait pas autant les destins sociaux et les territoires ouvriers n&#8217;\u00e9taient pas impr\u00e9gn\u00e9s par le \u00ab bizness \u00bb. Aujourd&#8217;hui, le public des bandes, essentiellement masculin, se construit principalement dans trois sc\u00e8nes sociales : la famille, l&#8217;\u00e9cole et la rue. Trois univers li\u00e9s entre eux, analys\u00e9s de l&#8217;int\u00e9rieur dans cet ouvrage, afin de comprendre la \u00ab pertinence \u00bb des bandes pour ceux qui les forment, la recomposition des liens sociaux qu&#8217;elles imposent et leur poids dans le quotidien de ceux qui les c\u00f4toient.<\/p>\n","protected":false},"excerpt":{"rendered":"<p>Mohammed Marwan Editor Presses Universitaires de France Descripci\u00f3n: Le ph\u00e9nom\u00e8ne des bandes est \u00e0 la fois ancien et en constante mutation. La soci\u00e9t\u00e9 change, les bandes aussi. Il y a un demi-si\u00e8cle, leur ampleur et leur dur\u00e9e de vie \u00e9taient limit\u00e9es par le service militaire et surtout par le plein emploi. L&#8217;\u00e9cole ne conditionnait pas autant les destins sociaux et les territoires ouvriers n&#8217;\u00e9taient pas impr\u00e9gn\u00e9s par le \u00ab bizness&hellip; <\/p>\n","protected":false},"author":3,"featured_media":11717,"comment_status":"open","ping_status":"closed","sticky":false,"template":"","format":"standard","meta":{"footnotes":""},"categories":[109,6,25],"tags":[],"class_list":["post-11716","post","type-post","status-publish","format-standard","has-post-thumbnail","hentry","category-francais","category-livros","category-seguranca-publica-e-defesa"],"views":229,"_links":{"self":[{"href":"https:\/\/www.bibliotecadeseguranca.com.br\/fr\/wp-json\/wp\/v2\/posts\/11716","targetHints":{"allow":["GET"]}}],"collection":[{"href":"https:\/\/www.bibliotecadeseguranca.com.br\/fr\/wp-json\/wp\/v2\/posts"}],"about":[{"href":"https:\/\/www.bibliotecadeseguranca.com.br\/fr\/wp-json\/wp\/v2\/types\/post"}],"author":[{"embeddable":true,"href":"https:\/\/www.bibliotecadeseguranca.com.br\/fr\/wp-json\/wp\/v2\/users\/3"}],"replies":[{"embeddable":true,"href":"https:\/\/www.bibliotecadeseguranca.com.br\/fr\/wp-json\/wp\/v2\/comments?post=11716"}],"version-history":[{"count":1,"href":"https:\/\/www.bibliotecadeseguranca.com.br\/fr\/wp-json\/wp\/v2\/posts\/11716\/revisions"}],"predecessor-version":[{"id":11718,"href":"https:\/\/www.bibliotecadeseguranca.com.br\/fr\/wp-json\/wp\/v2\/posts\/11716\/revisions\/11718"}],"wp:featuredmedia":[{"embeddable":true,"href":"https:\/\/www.bibliotecadeseguranca.com.br\/fr\/wp-json\/wp\/v2\/media\/11717"}],"wp:attachment":[{"href":"https:\/\/www.bibliotecadeseguranca.com.br\/fr\/wp-json\/wp\/v2\/media?parent=11716"}],"wp:term":[{"taxonomy":"category","embeddable":true,"href":"https:\/\/www.bibliotecadeseguranca.com.br\/fr\/wp-json\/wp\/v2\/categories?post=11716"},{"taxonomy":"post_tag","embeddable":true,"href":"https:\/\/www.bibliotecadeseguranca.com.br\/fr\/wp-json\/wp\/v2\/tags?post=11716"}],"curies":[{"name":"wp","href":"https:\/\/api.w.org\/{rel}","templated":true}]}}