{"id":11689,"date":"2014-11-19T08:30:38","date_gmt":"2014-11-19T11:30:38","guid":{"rendered":"http:\/\/www.bibliotecadeseguranca.com.br\/fr\/?p=11689"},"modified":"2014-11-19T07:32:56","modified_gmt":"2014-11-19T10:32:56","slug":"antiterrorisme-la-methode-francaise","status":"publish","type":"post","link":"https:\/\/www.bibliotecadeseguranca.com.br\/fr\/livros\/antiterrorisme-la-methode-francaise\/","title":{"rendered":"Antiterrorisme : la m\u00e9thode fran\u00e7aise"},"content":{"rendered":"<p><span style=\"color: #003366;\"><strong><img loading=\"lazy\" decoding=\"async\" class=\"alignleft size-full wp-image-11690\" src=\"http:\/\/www.bibliotecadeseguranca.com.br\/fr\/wp-content\/uploads\/2014\/11\/antiterrorisme-la-methode-francaise.jpg\" alt=\"Antiterrorisme : la m\u00e9thode fran\u00e7aise\" width=\"145\" height=\"255\" srcset=\"https:\/\/www.bibliotecadeseguranca.com.br\/fr\/wp-content\/uploads\/2014\/11\/antiterrorisme-la-methode-francaise.jpg 145w, https:\/\/www.bibliotecadeseguranca.com.br\/fr\/wp-content\/uploads\/2014\/11\/antiterrorisme-la-methode-francaise-85x150.jpg 85w\" sizes=\"auto, (max-width: 145px) 100vw, 145px\" \/>Jacques Massey<\/strong><\/span><\/p>\n<p><span style=\"color: #003366;\"><strong>Editor Les Carnets de l&#8217;Info<\/strong><\/span><\/p>\n<p><span style=\"color: #003366;\"><strong>Descripci\u00f3n:<\/strong><\/span> Face au terrorisme de masse \u00e0 connotation &#8221; jihadiste &#8220;, caract\u00e9ris\u00e9 par le caract\u00e8re al\u00e9atoire, massif et anonyme de l&#8217;attentat suicide, le dispositif national de la s\u00e9curit\u00e9 int\u00e9rieure et ext\u00e9rieure a d\u00fb s&#8217;adapter dans l&#8217;urgence, tout en recherchant une meilleure coordination avec les &#8221; services amis &#8220;. Ce livre nous en pr\u00e9sente les composantes. Pour comprendre, nous faisons le point. Le cadre juridique des op\u00e9rations antiterroristes est \u00e9galement en pleine \u00e9volution, mais la &#8221; judiciarisation &#8221; des proc\u00e9dures engag\u00e9es doit toujours garantir le respect de l&#8217;\u00e9tat de droit. Cette donn\u00e9e fondamentale parait distinguer la pratique fran\u00e7aise des proc\u00e9d\u00e9s employ\u00e9s outre-Atlantique. C&#8217;est dans ce contexte d&#8217;extr\u00eame sensibilit\u00e9 \u00e0 la menace terroriste que se d\u00e9veloppent les nouvelles technologies de s\u00e9curit\u00e9 pr\u00e9sent\u00e9es aussi dans cet ouvrage.<\/p>\n","protected":false},"excerpt":{"rendered":"<p>Jacques Massey Editor Les Carnets de l&#8217;Info Descripci\u00f3n: Face au terrorisme de masse \u00e0 connotation &#8221; jihadiste &#8220;, caract\u00e9ris\u00e9 par le caract\u00e8re al\u00e9atoire, massif et anonyme de l&#8217;attentat suicide, le dispositif national de la s\u00e9curit\u00e9 int\u00e9rieure et ext\u00e9rieure a d\u00fb s&#8217;adapter dans l&#8217;urgence, tout en recherchant une meilleure coordination avec les &#8221; services amis &#8220;. Ce livre nous en pr\u00e9sente les composantes. Pour comprendre, nous faisons le point. Le cadre&hellip; <\/p>\n","protected":false},"author":3,"featured_media":11690,"comment_status":"open","ping_status":"closed","sticky":false,"template":"","format":"standard","meta":{"footnotes":""},"categories":[109,6],"tags":[],"class_list":["post-11689","post","type-post","status-publish","format-standard","has-post-thumbnail","hentry","category-francais","category-livros"],"views":344,"_links":{"self":[{"href":"https:\/\/www.bibliotecadeseguranca.com.br\/fr\/wp-json\/wp\/v2\/posts\/11689","targetHints":{"allow":["GET"]}}],"collection":[{"href":"https:\/\/www.bibliotecadeseguranca.com.br\/fr\/wp-json\/wp\/v2\/posts"}],"about":[{"href":"https:\/\/www.bibliotecadeseguranca.com.br\/fr\/wp-json\/wp\/v2\/types\/post"}],"author":[{"embeddable":true,"href":"https:\/\/www.bibliotecadeseguranca.com.br\/fr\/wp-json\/wp\/v2\/users\/3"}],"replies":[{"embeddable":true,"href":"https:\/\/www.bibliotecadeseguranca.com.br\/fr\/wp-json\/wp\/v2\/comments?post=11689"}],"version-history":[{"count":1,"href":"https:\/\/www.bibliotecadeseguranca.com.br\/fr\/wp-json\/wp\/v2\/posts\/11689\/revisions"}],"predecessor-version":[{"id":11691,"href":"https:\/\/www.bibliotecadeseguranca.com.br\/fr\/wp-json\/wp\/v2\/posts\/11689\/revisions\/11691"}],"wp:featuredmedia":[{"embeddable":true,"href":"https:\/\/www.bibliotecadeseguranca.com.br\/fr\/wp-json\/wp\/v2\/media\/11690"}],"wp:attachment":[{"href":"https:\/\/www.bibliotecadeseguranca.com.br\/fr\/wp-json\/wp\/v2\/media?parent=11689"}],"wp:term":[{"taxonomy":"category","embeddable":true,"href":"https:\/\/www.bibliotecadeseguranca.com.br\/fr\/wp-json\/wp\/v2\/categories?post=11689"},{"taxonomy":"post_tag","embeddable":true,"href":"https:\/\/www.bibliotecadeseguranca.com.br\/fr\/wp-json\/wp\/v2\/tags?post=11689"}],"curies":[{"name":"wp","href":"https:\/\/api.w.org\/{rel}","templated":true}]}}