{"id":11686,"date":"2014-11-18T08:30:14","date_gmt":"2014-11-18T11:30:14","guid":{"rendered":"http:\/\/www.bibliotecadeseguranca.com.br\/fr\/?p=11686"},"modified":"2014-11-18T07:38:49","modified_gmt":"2014-11-18T10:38:49","slug":"s-o-s-seguranca-publica","status":"publish","type":"post","link":"https:\/\/www.bibliotecadeseguranca.com.br\/fr\/livros\/s-o-s-seguranca-publica\/","title":{"rendered":"S.O.S. Seguran\u00e7a P\u00fablica"},"content":{"rendered":"<p><span style=\"color: #003366;\"><strong><img loading=\"lazy\" decoding=\"async\" class=\"alignleft size-full wp-image-11687\" src=\"http:\/\/www.bibliotecadeseguranca.com.br\/fr\/wp-content\/uploads\/2014\/11\/s-o-s-seguranca-publica.jpg\" alt=\"S.O.S. Seguran\u00e7a P\u00fablica\" width=\"145\" height=\"201\" srcset=\"https:\/\/www.bibliotecadeseguranca.com.br\/fr\/wp-content\/uploads\/2014\/11\/s-o-s-seguranca-publica.jpg 145w, https:\/\/www.bibliotecadeseguranca.com.br\/fr\/wp-content\/uploads\/2014\/11\/s-o-s-seguranca-publica-108x150.jpg 108w\" sizes=\"auto, (max-width: 145px) 100vw, 145px\" \/>Alaor Antonio Bittencout, Jadir Vieira<\/strong><\/span><\/p>\n<p><span style=\"color: #003366;\"><strong>Descripci\u00f3n:<\/strong><\/span> Atualmente muito se tem discutido sobre seguran\u00e7a p\u00fablica. \u00c9 fato que cada vez mais debatemos sobre o tema e mais ainda sentimos os efeitos das a\u00e7\u00f5es ineficazes. O filme Tropa de Elite fez com que o assunto se estendesse \u00e0s diversas camadas da sociedade. Seguran\u00e7a P\u00fablica virou o assunto da moda, seja no boteco da esquina ou no audit\u00f3rio de uma universidade. Todos criticam e \u2013 algumas vezes \u2013 prop\u00f5em solu\u00e7\u00f5es.<br \/>\nEste livro tem como diferencial ter sido escrito por dois policiais com largara experi\u00eancia na preven\u00e7\u00e3o e combate ao crime nas ruas. Os dois s\u00e3o Sargentos da Pol\u00edcia Militar de Santa Catarina e disponibilizam neste livro \u00e0s suas experi\u00eancias e anos de pesquisa do tema para toda a sociedade.<\/p>\n","protected":false},"excerpt":{"rendered":"<p>Alaor Antonio Bittencout, Jadir Vieira Descripci\u00f3n: Atualmente muito se tem discutido sobre seguran\u00e7a p\u00fablica. \u00c9 fato que cada vez mais debatemos sobre o tema e mais ainda sentimos os efeitos das a\u00e7\u00f5es ineficazes. O filme Tropa de Elite fez com que o assunto se estendesse \u00e0s diversas camadas da sociedade. Seguran\u00e7a P\u00fablica virou o assunto da moda, seja no boteco da esquina ou no audit\u00f3rio de uma universidade. Todos criticam&hellip; <\/p>\n","protected":false},"author":3,"featured_media":11687,"comment_status":"open","ping_status":"closed","sticky":false,"template":"","format":"standard","meta":{"footnotes":""},"categories":[6,25],"tags":[],"class_list":["post-11686","post","type-post","status-publish","format-standard","has-post-thumbnail","hentry","category-livros","category-seguranca-publica-e-defesa"],"views":290,"_links":{"self":[{"href":"https:\/\/www.bibliotecadeseguranca.com.br\/fr\/wp-json\/wp\/v2\/posts\/11686","targetHints":{"allow":["GET"]}}],"collection":[{"href":"https:\/\/www.bibliotecadeseguranca.com.br\/fr\/wp-json\/wp\/v2\/posts"}],"about":[{"href":"https:\/\/www.bibliotecadeseguranca.com.br\/fr\/wp-json\/wp\/v2\/types\/post"}],"author":[{"embeddable":true,"href":"https:\/\/www.bibliotecadeseguranca.com.br\/fr\/wp-json\/wp\/v2\/users\/3"}],"replies":[{"embeddable":true,"href":"https:\/\/www.bibliotecadeseguranca.com.br\/fr\/wp-json\/wp\/v2\/comments?post=11686"}],"version-history":[{"count":1,"href":"https:\/\/www.bibliotecadeseguranca.com.br\/fr\/wp-json\/wp\/v2\/posts\/11686\/revisions"}],"predecessor-version":[{"id":11688,"href":"https:\/\/www.bibliotecadeseguranca.com.br\/fr\/wp-json\/wp\/v2\/posts\/11686\/revisions\/11688"}],"wp:featuredmedia":[{"embeddable":true,"href":"https:\/\/www.bibliotecadeseguranca.com.br\/fr\/wp-json\/wp\/v2\/media\/11687"}],"wp:attachment":[{"href":"https:\/\/www.bibliotecadeseguranca.com.br\/fr\/wp-json\/wp\/v2\/media?parent=11686"}],"wp:term":[{"taxonomy":"category","embeddable":true,"href":"https:\/\/www.bibliotecadeseguranca.com.br\/fr\/wp-json\/wp\/v2\/categories?post=11686"},{"taxonomy":"post_tag","embeddable":true,"href":"https:\/\/www.bibliotecadeseguranca.com.br\/fr\/wp-json\/wp\/v2\/tags?post=11686"}],"curies":[{"name":"wp","href":"https:\/\/api.w.org\/{rel}","templated":true}]}}