{"id":11627,"date":"2014-11-05T08:30:06","date_gmt":"2014-11-05T11:30:06","guid":{"rendered":"http:\/\/www.bibliotecadeseguranca.com.br\/fr\/?p=11627"},"modified":"2014-11-05T07:47:46","modified_gmt":"2014-11-05T10:47:46","slug":"reussir-ma-premiere-gestion-de-crise","status":"publish","type":"post","link":"https:\/\/www.bibliotecadeseguranca.com.br\/fr\/livros\/reussir-ma-premiere-gestion-de-crise\/","title":{"rendered":"R\u00e9ussir ma premi\u00e8re gestion de crise"},"content":{"rendered":"<p><span style=\"color: #003366;\"><strong><img loading=\"lazy\" decoding=\"async\" class=\"alignleft size-full wp-image-11628\" src=\"http:\/\/www.bibliotecadeseguranca.com.br\/fr\/wp-content\/uploads\/2014\/11\/reussir-ma-premiere-gestion-de-crise.jpg\" alt=\"R\u00e9ussir ma premi\u00e8re gestion de crise\" width=\"145\" height=\"220\" srcset=\"https:\/\/www.bibliotecadeseguranca.com.br\/fr\/wp-content\/uploads\/2014\/11\/reussir-ma-premiere-gestion-de-crise.jpg 145w, https:\/\/www.bibliotecadeseguranca.com.br\/fr\/wp-content\/uploads\/2014\/11\/reussir-ma-premiere-gestion-de-crise-98x150.jpg 98w\" sizes=\"auto, (max-width: 145px) 100vw, 145px\" \/>Fabrice Carlier<\/strong><\/span><\/p>\n<p><span style=\"color: #003366;\"><strong>Editor Studyrama<\/strong><\/span><\/p>\n<p><span style=\"color: #003366;\"><strong>Descripci\u00f3n:<\/strong><\/span> Les crises atteignent dor\u00e9navant tous les secteurs d\u2019activit\u00e9 et attentent s\u00e9rieusement aux images des entreprises et des organisations. Plus vigilants et impliqu\u00e9s, mieux inform\u00e9s, les consommateurs contraignent \u00e0 la mise en place d\u2019une v\u00e9ritable organisation de la gestion des crises. La ma\u00eetrise de la gestion et de la communication de crise est aujourd\u2019hui constitutive du viatique du dirigeant et des missions inh\u00e9rentes \u00e0 l\u2019exercice d\u2019une activit\u00e9 professionnelle. Assimilables \u00e0 des crises internes, les conflits entre individus se doivent \u00e9galement d\u2019\u00eatre anticip\u00e9s, g\u00e9r\u00e9s et r\u00e9solus. Cet ouvrage, s\u2019appuyant \u00e0 la fois sur l\u2019exp\u00e9rience de l\u2019auteur et sur de nombreux t\u00e9moignages concrets, permettra, en posant les bonnes questions et en apportant des r\u00e9ponses pragmatiques, \u00e0 tous les lecteurs de se pr\u00e9parer efficacement \u00e0 la gestion de crise.<\/p>\n","protected":false},"excerpt":{"rendered":"<p>Fabrice Carlier Editor Studyrama Descripci\u00f3n: Les crises atteignent dor\u00e9navant tous les secteurs d\u2019activit\u00e9 et attentent s\u00e9rieusement aux images des entreprises et des organisations. Plus vigilants et impliqu\u00e9s, mieux inform\u00e9s, les consommateurs contraignent \u00e0 la mise en place d\u2019une v\u00e9ritable organisation de la gestion des crises. La ma\u00eetrise de la gestion et de la communication de crise est aujourd\u2019hui constitutive du viatique du dirigeant et des missions inh\u00e9rentes \u00e0 l\u2019exercice d\u2019une&hellip; <\/p>\n","protected":false},"author":3,"featured_media":11628,"comment_status":"open","ping_status":"closed","sticky":false,"template":"","format":"standard","meta":{"footnotes":""},"categories":[109,6,19],"tags":[],"class_list":["post-11627","post","type-post","status-publish","format-standard","has-post-thumbnail","hentry","category-francais","category-livros","category-risco-e-perdas"],"views":213,"_links":{"self":[{"href":"https:\/\/www.bibliotecadeseguranca.com.br\/fr\/wp-json\/wp\/v2\/posts\/11627","targetHints":{"allow":["GET"]}}],"collection":[{"href":"https:\/\/www.bibliotecadeseguranca.com.br\/fr\/wp-json\/wp\/v2\/posts"}],"about":[{"href":"https:\/\/www.bibliotecadeseguranca.com.br\/fr\/wp-json\/wp\/v2\/types\/post"}],"author":[{"embeddable":true,"href":"https:\/\/www.bibliotecadeseguranca.com.br\/fr\/wp-json\/wp\/v2\/users\/3"}],"replies":[{"embeddable":true,"href":"https:\/\/www.bibliotecadeseguranca.com.br\/fr\/wp-json\/wp\/v2\/comments?post=11627"}],"version-history":[{"count":1,"href":"https:\/\/www.bibliotecadeseguranca.com.br\/fr\/wp-json\/wp\/v2\/posts\/11627\/revisions"}],"predecessor-version":[{"id":11629,"href":"https:\/\/www.bibliotecadeseguranca.com.br\/fr\/wp-json\/wp\/v2\/posts\/11627\/revisions\/11629"}],"wp:featuredmedia":[{"embeddable":true,"href":"https:\/\/www.bibliotecadeseguranca.com.br\/fr\/wp-json\/wp\/v2\/media\/11628"}],"wp:attachment":[{"href":"https:\/\/www.bibliotecadeseguranca.com.br\/fr\/wp-json\/wp\/v2\/media?parent=11627"}],"wp:term":[{"taxonomy":"category","embeddable":true,"href":"https:\/\/www.bibliotecadeseguranca.com.br\/fr\/wp-json\/wp\/v2\/categories?post=11627"},{"taxonomy":"post_tag","embeddable":true,"href":"https:\/\/www.bibliotecadeseguranca.com.br\/fr\/wp-json\/wp\/v2\/tags?post=11627"}],"curies":[{"name":"wp","href":"https:\/\/api.w.org\/{rel}","templated":true}]}}