{"id":11624,"date":"2014-11-04T09:30:13","date_gmt":"2014-11-04T12:30:13","guid":{"rendered":"http:\/\/www.bibliotecadeseguranca.com.br\/fr\/?p=11624"},"modified":"2014-11-04T08:52:05","modified_gmt":"2014-11-04T11:52:05","slug":"gestao-da-informacao-e-do-conhecimento-2","status":"publish","type":"post","link":"https:\/\/www.bibliotecadeseguranca.com.br\/fr\/livros\/gestao-da-informacao-e-do-conhecimento-2\/","title":{"rendered":"Gest\u00e3o da Informa\u00e7\u00e3o e do Conhecimento"},"content":{"rendered":"<p><span style=\"color: #003366;\"><strong><img loading=\"lazy\" decoding=\"async\" class=\"alignleft size-full wp-image-11625\" src=\"http:\/\/www.bibliotecadeseguranca.com.br\/fr\/wp-content\/uploads\/2014\/11\/gestao-da-informacao-e-do-conhecimento.jpg\" alt=\"Gest\u00e3o da Informa\u00e7\u00e3o e do Conhecimento\" width=\"145\" height=\"203\" srcset=\"https:\/\/www.bibliotecadeseguranca.com.br\/fr\/wp-content\/uploads\/2014\/11\/gestao-da-informacao-e-do-conhecimento.jpg 145w, https:\/\/www.bibliotecadeseguranca.com.br\/fr\/wp-content\/uploads\/2014\/11\/gestao-da-informacao-e-do-conhecimento-107x150.jpg 107w\" sizes=\"auto, (max-width: 145px) 100vw, 145px\" \/>Leonardo Fernandes Souto<\/strong><\/span><\/p>\n<p><span style=\"color: #003366;\"><strong>Editor Interci\u00eancia<\/strong><\/span><\/p>\n<p><span style=\"color: #003366;\"><strong>Descripci\u00f3n:<\/strong><\/span> N\u00e3o h\u00e1 como negar a valoriza\u00e7\u00e3o crescente dos ativos ating\u00edveis no contexto da chamada Economia do Conhecimento. Com isso, cada vez mais, as organiza\u00e7\u00f5es se deparam com a necessidade de implementar pr\u00e1ticas voltadas para a gest\u00e3o de tais ativos, de modo a propiciar melhores resultados.<br \/>\nNesse cen\u00e1rio, os processos de gest\u00e3o da informa\u00e7\u00e3o e do conhecimento v\u00eam adquirindo um maior reconhecimento como colaboradores para a melhoria do processo de inova\u00e7\u00e3o, da efici\u00eancia e da efic\u00e1cia, do valor e do reconhecimento da marca, dentre outros resultados organizacionais.<br \/>\nDiante da capilaridade dos processos de gest\u00e3o da informa\u00e7\u00e3o e do conhecimento, que permeiam a diversidade das estruturas organizacionais e suportam a quase totalidade de seus processos, uma vez que informa\u00e7\u00e3o e conhecimento se apresentam como insumos para a realiza\u00e7\u00e3o das atividades cotidianas e estrat\u00e9gicas, \u00e9 natural que exista uma pluralidade de profissionais, de distintas \u00e1reas do conhecimento, que se dediquem a estudar e a implementar os processos de gest\u00e3o da informa\u00e7\u00e3o e do conhecimento.<br \/>\nAssim, esta obra \u00e9 uma singela contribui\u00e7\u00e3o de profissionais com forma\u00e7\u00e3o em biblioteconomia, inseridos em institui\u00e7\u00f5es de valor altamente reconhecido &#8211; na condi\u00e7\u00e3o de t\u00e9cnicos, gestores ou pesquisadores &#8211; contando tamb\u00e9m com a participa\u00e7\u00e3o de consultores, com atua\u00e7\u00e3o nacional e internacional, que compartilharam suas experi\u00eancias e reflex\u00f5es acerca da gest\u00e3o da informa\u00e7\u00e3o e do conhecimento.<\/p>\n","protected":false},"excerpt":{"rendered":"<p>Leonardo Fernandes Souto Editor Interci\u00eancia Descripci\u00f3n: N\u00e3o h\u00e1 como negar a valoriza\u00e7\u00e3o crescente dos ativos ating\u00edveis no contexto da chamada Economia do Conhecimento. Com isso, cada vez mais, as organiza\u00e7\u00f5es se deparam com a necessidade de implementar pr\u00e1ticas voltadas para a gest\u00e3o de tais ativos, de modo a propiciar melhores resultados. Nesse cen\u00e1rio, os processos de gest\u00e3o da informa\u00e7\u00e3o e do conhecimento v\u00eam adquirindo um maior reconhecimento como colaboradores para&hellip; <\/p>\n","protected":false},"author":3,"featured_media":11625,"comment_status":"open","ping_status":"closed","sticky":false,"template":"","format":"standard","meta":{"footnotes":""},"categories":[30,6],"tags":[],"class_list":["post-11624","post","type-post","status-publish","format-standard","has-post-thumbnail","hentry","category-espionagem-e-inteligencia-competitiva","category-livros"],"views":331,"_links":{"self":[{"href":"https:\/\/www.bibliotecadeseguranca.com.br\/fr\/wp-json\/wp\/v2\/posts\/11624","targetHints":{"allow":["GET"]}}],"collection":[{"href":"https:\/\/www.bibliotecadeseguranca.com.br\/fr\/wp-json\/wp\/v2\/posts"}],"about":[{"href":"https:\/\/www.bibliotecadeseguranca.com.br\/fr\/wp-json\/wp\/v2\/types\/post"}],"author":[{"embeddable":true,"href":"https:\/\/www.bibliotecadeseguranca.com.br\/fr\/wp-json\/wp\/v2\/users\/3"}],"replies":[{"embeddable":true,"href":"https:\/\/www.bibliotecadeseguranca.com.br\/fr\/wp-json\/wp\/v2\/comments?post=11624"}],"version-history":[{"count":1,"href":"https:\/\/www.bibliotecadeseguranca.com.br\/fr\/wp-json\/wp\/v2\/posts\/11624\/revisions"}],"predecessor-version":[{"id":11626,"href":"https:\/\/www.bibliotecadeseguranca.com.br\/fr\/wp-json\/wp\/v2\/posts\/11624\/revisions\/11626"}],"wp:featuredmedia":[{"embeddable":true,"href":"https:\/\/www.bibliotecadeseguranca.com.br\/fr\/wp-json\/wp\/v2\/media\/11625"}],"wp:attachment":[{"href":"https:\/\/www.bibliotecadeseguranca.com.br\/fr\/wp-json\/wp\/v2\/media?parent=11624"}],"wp:term":[{"taxonomy":"category","embeddable":true,"href":"https:\/\/www.bibliotecadeseguranca.com.br\/fr\/wp-json\/wp\/v2\/categories?post=11624"},{"taxonomy":"post_tag","embeddable":true,"href":"https:\/\/www.bibliotecadeseguranca.com.br\/fr\/wp-json\/wp\/v2\/tags?post=11624"}],"curies":[{"name":"wp","href":"https:\/\/api.w.org\/{rel}","templated":true}]}}