{"id":11606,"date":"2014-10-31T08:30:53","date_gmt":"2014-10-31T11:30:53","guid":{"rendered":"http:\/\/www.bibliotecadeseguranca.com.br\/fr\/?p=11606"},"modified":"2014-10-31T07:43:47","modified_gmt":"2014-10-31T10:43:47","slug":"gestao-estrategica","status":"publish","type":"post","link":"https:\/\/www.bibliotecadeseguranca.com.br\/fr\/livros\/gestao-estrategica\/","title":{"rendered":"Gest\u00e3o Estrat\u00e9gica"},"content":{"rendered":"<p><span style=\"color: #003366;\"><strong><img loading=\"lazy\" decoding=\"async\" class=\"alignleft size-full wp-image-11607\" src=\"http:\/\/www.bibliotecadeseguranca.com.br\/fr\/wp-content\/uploads\/2014\/10\/gestao-estrategica.jpg\" alt=\"Gest\u00e3o Estrat\u00e9gica\" width=\"145\" height=\"208\" srcset=\"https:\/\/www.bibliotecadeseguranca.com.br\/fr\/wp-content\/uploads\/2014\/10\/gestao-estrategica.jpg 145w, https:\/\/www.bibliotecadeseguranca.com.br\/fr\/wp-content\/uploads\/2014\/10\/gestao-estrategica-104x150.jpg 104w\" sizes=\"auto, (max-width: 145px) 100vw, 145px\" \/>Eliezer Arantes da Costa<\/strong><\/span><\/p>\n<p><span style=\"color: #003366;\"><strong>Editor Saraiva<\/strong><\/span><\/p>\n<p><span style=\"color: #003366;\"><strong>Descripci\u00f3n:<\/strong><\/span> Gest\u00e3o Estrat\u00e9gica traz o que h\u00e1 de mais atual em Estrat\u00e9gia aplicado \u00e0 realidade brasileira. Assim, em vez de recorrer a modismos ou conceitos ainda n\u00e3o comprovados ou simplesmente importar teorias e pr\u00e1ticas de pa\u00edses cujo contexto \u00e9 completamente diferente do nosso, os fundamentos da \u00e1rea s\u00e3o apresentados privilegiando-se a experi\u00eancia brasileira recente. Na obra, os conceitos estudados s\u00e3o universais, podendo ser aplicados a todos os tipos e tamanhos de empresas. Outro m\u00e9rito do livro \u00e9 equilibrar a teoria com a pr\u00e1tica, proporcionando ao leitor um entendimento integrado da Estrat\u00e9gia. Completo e extremamente did\u00e1tico, Gest\u00e3o Estrat\u00e9gica aborda desde a motiva\u00e7\u00e3o e conceitua\u00e7\u00e3o da Estrat\u00e9gia at\u00e9 suas tend\u00eancias e formula\u00e7\u00f5es mais complexas, sempre com uma grande quantidade de exemplos e aplica\u00e7\u00f5es e com \u00eanfase na implementa\u00e7\u00e3o, proporcionando ao leitor verdadeiros guias de como colocar em pr\u00e1tica o que foi visto. Para tornar a leitura mais agrad\u00e1vel, colaborando no aprendizado dos conceitos, a obra \u00e9 fartamente ilustrada, contando com um grande n\u00famero de esquemas e quest\u00f5es para debate, reflex\u00e3o e refor\u00e7o dos conceitos, al\u00e9m de um exclusivo Site do Livro (www.editorasaraiva.com.br\/uni), \u00e0 disposi\u00e7\u00e3o dos professores da \u00e1rea, com v\u00e1rios recursos extras para facilitar ainda mais o ensino da disciplina.<\/p>\n","protected":false},"excerpt":{"rendered":"<p>Eliezer Arantes da Costa Editor Saraiva Descripci\u00f3n: Gest\u00e3o Estrat\u00e9gica traz o que h\u00e1 de mais atual em Estrat\u00e9gia aplicado \u00e0 realidade brasileira. Assim, em vez de recorrer a modismos ou conceitos ainda n\u00e3o comprovados ou simplesmente importar teorias e pr\u00e1ticas de pa\u00edses cujo contexto \u00e9 completamente diferente do nosso, os fundamentos da \u00e1rea s\u00e3o apresentados privilegiando-se a experi\u00eancia brasileira recente. Na obra, os conceitos estudados s\u00e3o universais, podendo ser aplicados&hellip; <\/p>\n","protected":false},"author":3,"featured_media":11607,"comment_status":"open","ping_status":"closed","sticky":false,"template":"","format":"standard","meta":{"footnotes":""},"categories":[14,6],"tags":[],"class_list":["post-11606","post","type-post","status-publish","format-standard","has-post-thumbnail","hentry","category-administracao-e-estrategia-empresarial","category-livros"],"views":225,"_links":{"self":[{"href":"https:\/\/www.bibliotecadeseguranca.com.br\/fr\/wp-json\/wp\/v2\/posts\/11606","targetHints":{"allow":["GET"]}}],"collection":[{"href":"https:\/\/www.bibliotecadeseguranca.com.br\/fr\/wp-json\/wp\/v2\/posts"}],"about":[{"href":"https:\/\/www.bibliotecadeseguranca.com.br\/fr\/wp-json\/wp\/v2\/types\/post"}],"author":[{"embeddable":true,"href":"https:\/\/www.bibliotecadeseguranca.com.br\/fr\/wp-json\/wp\/v2\/users\/3"}],"replies":[{"embeddable":true,"href":"https:\/\/www.bibliotecadeseguranca.com.br\/fr\/wp-json\/wp\/v2\/comments?post=11606"}],"version-history":[{"count":1,"href":"https:\/\/www.bibliotecadeseguranca.com.br\/fr\/wp-json\/wp\/v2\/posts\/11606\/revisions"}],"predecessor-version":[{"id":11608,"href":"https:\/\/www.bibliotecadeseguranca.com.br\/fr\/wp-json\/wp\/v2\/posts\/11606\/revisions\/11608"}],"wp:featuredmedia":[{"embeddable":true,"href":"https:\/\/www.bibliotecadeseguranca.com.br\/fr\/wp-json\/wp\/v2\/media\/11607"}],"wp:attachment":[{"href":"https:\/\/www.bibliotecadeseguranca.com.br\/fr\/wp-json\/wp\/v2\/media?parent=11606"}],"wp:term":[{"taxonomy":"category","embeddable":true,"href":"https:\/\/www.bibliotecadeseguranca.com.br\/fr\/wp-json\/wp\/v2\/categories?post=11606"},{"taxonomy":"post_tag","embeddable":true,"href":"https:\/\/www.bibliotecadeseguranca.com.br\/fr\/wp-json\/wp\/v2\/tags?post=11606"}],"curies":[{"name":"wp","href":"https:\/\/api.w.org\/{rel}","templated":true}]}}