{"id":11524,"date":"2014-10-11T09:30:26","date_gmt":"2014-10-11T12:30:26","guid":{"rendered":"http:\/\/www.bibliotecadeseguranca.com.br\/fr\/?p=11524"},"modified":"2014-11-11T19:53:24","modified_gmt":"2014-11-11T22:53:24","slug":"seguridad-publica-y-politica-criminal-argentina","status":"publish","type":"post","link":"https:\/\/www.bibliotecadeseguranca.com.br\/fr\/livros\/seguridad-publica-y-politica-criminal-argentina\/","title":{"rendered":"Seguridad P\u00fablica y Pol\u00edtica Criminal Argentina"},"content":{"rendered":"<p><span style=\"color: #003366;\"><strong><img loading=\"lazy\" decoding=\"async\" class=\"alignleft size-full wp-image-11525\" src=\"http:\/\/www.bibliotecadeseguranca.com.br\/fr\/wp-content\/uploads\/2014\/10\/seguridad-publica-y-politica-criminal-argentina.jpg\" alt=\"Seguridad P\u00fablica y Pol\u00edtica Criminal Argentina\" width=\"145\" height=\"214\" srcset=\"https:\/\/www.bibliotecadeseguranca.com.br\/fr\/wp-content\/uploads\/2014\/10\/seguridad-publica-y-politica-criminal-argentina.jpg 145w, https:\/\/www.bibliotecadeseguranca.com.br\/fr\/wp-content\/uploads\/2014\/10\/seguridad-publica-y-politica-criminal-argentina-101x150.jpg 101w\" sizes=\"auto, (max-width: 145px) 100vw, 145px\" \/>Ignacio Rodr\u00edguez Varela<\/strong><\/span><\/p>\n<p><span style=\"color: #003366;\"><strong>Editor EDUCA<\/strong><\/span><\/p>\n<p><span style=\"color: #003366;\"><strong>Descripci\u00f3n:<\/strong><\/span> Estudio de la seguridad p\u00fablica, desde sus principios filos\u00f3ficos, pol\u00edticos y jur\u00eddicos hasta la reflexi\u00f3n pr\u00e1ctica aplicada a la Rep\u00fablica Argentina. Se divide en dos partes. La primera \u2013una cuarta parte del libro- se concentra en la investigaci\u00f3n de los primeros principios y causas de la seguridad p\u00fablica. En la segunda, el autor se vale de aquellas reflexiones preliminares para estudiar los cap\u00edtulos esenciales de la seguridad p\u00fablica en tanto h\u00e1bito perfectivo de la comunidad pol\u00edtica. Este tramo m\u00e1s extenso \u2013tres cuartas partes del libro-, incluye un diagn\u00f3stico documentado, una prognosis realista a la luz de la experiencia de veinticinco a\u00f1os en derredor de la cuesti\u00f3n criminal y la formulaci\u00f3n de propuestas concretas para renovar la pol\u00edtica criminal argentina. Esto \u00faltimo insume cerca de la mitad de la obra y es realizado de manera sistem\u00e1tica, siguiendo los tres \u00f3rdenes te\u00f3ricos de la criminolog\u00eda realista a la que adhiere el autor: la b\u00fasqueda de la concordia, la vigencia de la justicia y el \u00faltimo escal\u00f3n subsidiario de la coactividad.<\/p>\n","protected":false},"excerpt":{"rendered":"<p>Ignacio Rodr\u00edguez Varela Editor EDUCA Descripci\u00f3n: Estudio de la seguridad p\u00fablica, desde sus principios filos\u00f3ficos, pol\u00edticos y jur\u00eddicos hasta la reflexi\u00f3n pr\u00e1ctica aplicada a la Rep\u00fablica Argentina. Se divide en dos partes. La primera \u2013una cuarta parte del libro- se concentra en la investigaci\u00f3n de los primeros principios y causas de la seguridad p\u00fablica. En la segunda, el autor se vale de aquellas reflexiones preliminares para estudiar los cap\u00edtulos esenciales&hellip; <\/p>\n","protected":false},"author":3,"featured_media":11525,"comment_status":"open","ping_status":"closed","sticky":false,"template":"","format":"standard","meta":{"footnotes":""},"categories":[10,81,6,25],"tags":[],"class_list":["post-11524","post","type-post","status-publish","format-standard","has-post-thumbnail","hentry","category-crime-violencia-e-criminologia","category-espanol","category-livros","category-seguranca-publica-e-defesa"],"views":332,"_links":{"self":[{"href":"https:\/\/www.bibliotecadeseguranca.com.br\/fr\/wp-json\/wp\/v2\/posts\/11524","targetHints":{"allow":["GET"]}}],"collection":[{"href":"https:\/\/www.bibliotecadeseguranca.com.br\/fr\/wp-json\/wp\/v2\/posts"}],"about":[{"href":"https:\/\/www.bibliotecadeseguranca.com.br\/fr\/wp-json\/wp\/v2\/types\/post"}],"author":[{"embeddable":true,"href":"https:\/\/www.bibliotecadeseguranca.com.br\/fr\/wp-json\/wp\/v2\/users\/3"}],"replies":[{"embeddable":true,"href":"https:\/\/www.bibliotecadeseguranca.com.br\/fr\/wp-json\/wp\/v2\/comments?post=11524"}],"version-history":[{"count":1,"href":"https:\/\/www.bibliotecadeseguranca.com.br\/fr\/wp-json\/wp\/v2\/posts\/11524\/revisions"}],"predecessor-version":[{"id":11526,"href":"https:\/\/www.bibliotecadeseguranca.com.br\/fr\/wp-json\/wp\/v2\/posts\/11524\/revisions\/11526"}],"wp:featuredmedia":[{"embeddable":true,"href":"https:\/\/www.bibliotecadeseguranca.com.br\/fr\/wp-json\/wp\/v2\/media\/11525"}],"wp:attachment":[{"href":"https:\/\/www.bibliotecadeseguranca.com.br\/fr\/wp-json\/wp\/v2\/media?parent=11524"}],"wp:term":[{"taxonomy":"category","embeddable":true,"href":"https:\/\/www.bibliotecadeseguranca.com.br\/fr\/wp-json\/wp\/v2\/categories?post=11524"},{"taxonomy":"post_tag","embeddable":true,"href":"https:\/\/www.bibliotecadeseguranca.com.br\/fr\/wp-json\/wp\/v2\/tags?post=11524"}],"curies":[{"name":"wp","href":"https:\/\/api.w.org\/{rel}","templated":true}]}}