{"id":11518,"date":"2014-10-10T09:30:19","date_gmt":"2014-10-10T12:30:19","guid":{"rendered":"http:\/\/www.bibliotecadeseguranca.com.br\/fr\/?p=11518"},"modified":"2014-10-10T07:03:55","modified_gmt":"2014-10-10T10:03:55","slug":"seguranca-patrimonial-atitudes-preventivas","status":"publish","type":"post","link":"https:\/\/www.bibliotecadeseguranca.com.br\/fr\/livros\/seguranca-patrimonial-atitudes-preventivas\/","title":{"rendered":"Seguran\u00e7a Patrimonial Atitudes Preventivas"},"content":{"rendered":"<p><span style=\"color: #003366;\"><strong><img loading=\"lazy\" decoding=\"async\" class=\"alignleft size-full wp-image-11519\" src=\"http:\/\/www.bibliotecadeseguranca.com.br\/fr\/wp-content\/uploads\/2014\/10\/seguranca-patrimonial-atitudes-preventivas.jpg\" alt=\"Seguran\u00e7a Patrimonial Atitudes Preventivas\" width=\"145\" height=\"206\" srcset=\"https:\/\/www.bibliotecadeseguranca.com.br\/fr\/wp-content\/uploads\/2014\/10\/seguranca-patrimonial-atitudes-preventivas.jpg 145w, https:\/\/www.bibliotecadeseguranca.com.br\/fr\/wp-content\/uploads\/2014\/10\/seguranca-patrimonial-atitudes-preventivas-105x150.jpg 105w\" sizes=\"auto, (max-width: 145px) 100vw, 145px\" \/>Edmilson Dias<\/strong><\/span><\/p>\n<p><span style=\"color: #003366;\"><strong>Descripci\u00f3n:<\/strong><\/span> Gestor e especialista em seguran\u00e7a patrimonial. Qualifica\u00e7\u00e3o que me proporcionou uma ampla vis\u00e3o em diversos aspectos dentro da seguran\u00e7a patrimonial. Habilidades que possibilitam afirmar nesta obra, que para planejar de forma preventiva, deve ser considerado os seguintes aspectos: primeiro, o planejamento de seguran\u00e7a deve ser dividido em tr\u00eas fazes, que s\u00e3o: curto, m\u00e9dio e longo prazo. Segundo, para obter um sistema eficiente, deve ser considerado neste planejamento a inclus\u00e3o de todos os fatores que que colabora preventivamente \u00e9 importante que seja um projeto. Tem flexibilidade para permitir altera\u00e7\u00f5es a cada uma destas fazes assim que fizer necess\u00e1rio. Terceiro, outro fator fundamental dentro da gest\u00e3o da seguran\u00e7a, \u00e9 poder utilizar os benef\u00edcios da evolu\u00e7\u00e3o tecnol\u00f3gica em prol a seguran\u00e7a podendo com isso, prever a integra\u00e7\u00e3o de todas as medidas, poss\u00edveis e prov\u00e1veis que possa revolucionar a efici\u00eancia deste projeto, visando a exist\u00eancia de uma seguran\u00e7a real, deve ser incluso tamb\u00e9m, como fator predominante para cada uma destas fazes, a maximiza\u00e7\u00e3o dos fatores preventivos. Dentro deste processo. Outro fator muito importante dentro da gest\u00e3o de seguran\u00e7a preventiva, \u00e9 a arte de gerenciar os profissionais de seguran\u00e7a, motivando-os, conscientizando-os sobre a import\u00e2ncia de se cumprir o seu papel na seguran\u00e7a, que consiste em quase sua totalidade em a\u00e7\u00f5es preventivas. Por isso a import\u00e2ncia de um planejamento que integra todos os fatores fazendo previs\u00f5es de todos os meios que pode viabilizar e transformar a seguran\u00e7a num sistema eficiente a fim de produzir como resultante uma seguran\u00e7a real.<\/p>\n","protected":false},"excerpt":{"rendered":"<p>Edmilson Dias Descripci\u00f3n: Gestor e especialista em seguran\u00e7a patrimonial. Qualifica\u00e7\u00e3o que me proporcionou uma ampla vis\u00e3o em diversos aspectos dentro da seguran\u00e7a patrimonial. Habilidades que possibilitam afirmar nesta obra, que para planejar de forma preventiva, deve ser considerado os seguintes aspectos: primeiro, o planejamento de seguran\u00e7a deve ser dividido em tr\u00eas fazes, que s\u00e3o: curto, m\u00e9dio e longo prazo. Segundo, para obter um sistema eficiente, deve ser considerado neste planejamento&hellip; <\/p>\n","protected":false},"author":3,"featured_media":11519,"comment_status":"open","ping_status":"closed","sticky":false,"template":"","format":"standard","meta":{"footnotes":""},"categories":[23,6],"tags":[],"class_list":["post-11518","post","type-post","status-publish","format-standard","has-post-thumbnail","hentry","category-gestao-da-seguranca-empresarial","category-livros"],"views":228,"_links":{"self":[{"href":"https:\/\/www.bibliotecadeseguranca.com.br\/fr\/wp-json\/wp\/v2\/posts\/11518","targetHints":{"allow":["GET"]}}],"collection":[{"href":"https:\/\/www.bibliotecadeseguranca.com.br\/fr\/wp-json\/wp\/v2\/posts"}],"about":[{"href":"https:\/\/www.bibliotecadeseguranca.com.br\/fr\/wp-json\/wp\/v2\/types\/post"}],"author":[{"embeddable":true,"href":"https:\/\/www.bibliotecadeseguranca.com.br\/fr\/wp-json\/wp\/v2\/users\/3"}],"replies":[{"embeddable":true,"href":"https:\/\/www.bibliotecadeseguranca.com.br\/fr\/wp-json\/wp\/v2\/comments?post=11518"}],"version-history":[{"count":1,"href":"https:\/\/www.bibliotecadeseguranca.com.br\/fr\/wp-json\/wp\/v2\/posts\/11518\/revisions"}],"predecessor-version":[{"id":11520,"href":"https:\/\/www.bibliotecadeseguranca.com.br\/fr\/wp-json\/wp\/v2\/posts\/11518\/revisions\/11520"}],"wp:featuredmedia":[{"embeddable":true,"href":"https:\/\/www.bibliotecadeseguranca.com.br\/fr\/wp-json\/wp\/v2\/media\/11519"}],"wp:attachment":[{"href":"https:\/\/www.bibliotecadeseguranca.com.br\/fr\/wp-json\/wp\/v2\/media?parent=11518"}],"wp:term":[{"taxonomy":"category","embeddable":true,"href":"https:\/\/www.bibliotecadeseguranca.com.br\/fr\/wp-json\/wp\/v2\/categories?post=11518"},{"taxonomy":"post_tag","embeddable":true,"href":"https:\/\/www.bibliotecadeseguranca.com.br\/fr\/wp-json\/wp\/v2\/tags?post=11518"}],"curies":[{"name":"wp","href":"https:\/\/api.w.org\/{rel}","templated":true}]}}