{"id":11479,"date":"2014-09-30T09:30:45","date_gmt":"2014-09-30T12:30:45","guid":{"rendered":"http:\/\/www.bibliotecadeseguranca.com.br\/fr\/?p=11479"},"modified":"2014-09-30T09:03:39","modified_gmt":"2014-09-30T12:03:39","slug":"portais-corporativos-a-revolucao-na-gestao-do-conhecimento","status":"publish","type":"post","link":"https:\/\/www.bibliotecadeseguranca.com.br\/fr\/livros\/portais-corporativos-a-revolucao-na-gestao-do-conhecimento\/","title":{"rendered":"Portais Corporativos: a Revolu\u00e7\u00e3o na Gest\u00e3o do Conhecimento"},"content":{"rendered":"<p><span style=\"color: #003366;\"><strong><img loading=\"lazy\" decoding=\"async\" class=\"alignleft size-full wp-image-11480\" src=\"http:\/\/www.bibliotecadeseguranca.com.br\/fr\/wp-content\/uploads\/2014\/09\/portais-corporativos-a-revolucao-na-gestao-do-conhecimento.jpg\" alt=\"Portais Corporativos: a Revolu\u00e7\u00e3o na Gest\u00e3o do Conhecimento\" width=\"145\" height=\"203\" srcset=\"https:\/\/www.bibliotecadeseguranca.com.br\/fr\/wp-content\/uploads\/2014\/09\/portais-corporativos-a-revolucao-na-gestao-do-conhecimento.jpg 145w, https:\/\/www.bibliotecadeseguranca.com.br\/fr\/wp-content\/uploads\/2014\/09\/portais-corporativos-a-revolucao-na-gestao-do-conhecimento-107x150.jpg 107w\" sizes=\"auto, (max-width: 145px) 100vw, 145px\" \/>Jos\u00e9 Cl\u00e1udio Cyrineu Terra, Cindy Gordon<\/strong><\/span><\/p>\n<p><span style=\"color: #003366;\"><strong>Editor Neg\u00f3cio Editora<\/strong><\/span><\/p>\n<p><span style=\"color: #003366;\"><strong>Descripci\u00f3n:<\/strong><\/span> Voc\u00ea j\u00e1 imaginou poder contar com um portal que contenha um sistema de gerenciamento de informa\u00e7\u00f5es e seja capaz de interligar virtualmente funcion\u00e1rios de v\u00e1rios pa\u00edses e fornecedores? Ou ainda fazer reuni\u00f5es virtuais e obter informa\u00e7\u00f5es internas e externas de forma integrada? E tudo isso utilizando apenas comandos de voz?<\/p>\n","protected":false},"excerpt":{"rendered":"<p>Jos\u00e9 Cl\u00e1udio Cyrineu Terra, Cindy Gordon Editor Neg\u00f3cio Editora Descripci\u00f3n: Voc\u00ea j\u00e1 imaginou poder contar com um portal que contenha um sistema de gerenciamento de informa\u00e7\u00f5es e seja capaz de interligar virtualmente funcion\u00e1rios de v\u00e1rios pa\u00edses e fornecedores? Ou ainda fazer reuni\u00f5es virtuais e obter informa\u00e7\u00f5es internas e externas de forma integrada? E tudo isso utilizando apenas comandos de voz?<\/p>\n","protected":false},"author":3,"featured_media":11480,"comment_status":"open","ping_status":"closed","sticky":false,"template":"","format":"standard","meta":{"footnotes":""},"categories":[14,30,6],"tags":[],"class_list":["post-11479","post","type-post","status-publish","format-standard","has-post-thumbnail","hentry","category-administracao-e-estrategia-empresarial","category-espionagem-e-inteligencia-competitiva","category-livros"],"views":255,"_links":{"self":[{"href":"https:\/\/www.bibliotecadeseguranca.com.br\/fr\/wp-json\/wp\/v2\/posts\/11479","targetHints":{"allow":["GET"]}}],"collection":[{"href":"https:\/\/www.bibliotecadeseguranca.com.br\/fr\/wp-json\/wp\/v2\/posts"}],"about":[{"href":"https:\/\/www.bibliotecadeseguranca.com.br\/fr\/wp-json\/wp\/v2\/types\/post"}],"author":[{"embeddable":true,"href":"https:\/\/www.bibliotecadeseguranca.com.br\/fr\/wp-json\/wp\/v2\/users\/3"}],"replies":[{"embeddable":true,"href":"https:\/\/www.bibliotecadeseguranca.com.br\/fr\/wp-json\/wp\/v2\/comments?post=11479"}],"version-history":[{"count":1,"href":"https:\/\/www.bibliotecadeseguranca.com.br\/fr\/wp-json\/wp\/v2\/posts\/11479\/revisions"}],"predecessor-version":[{"id":11481,"href":"https:\/\/www.bibliotecadeseguranca.com.br\/fr\/wp-json\/wp\/v2\/posts\/11479\/revisions\/11481"}],"wp:featuredmedia":[{"embeddable":true,"href":"https:\/\/www.bibliotecadeseguranca.com.br\/fr\/wp-json\/wp\/v2\/media\/11480"}],"wp:attachment":[{"href":"https:\/\/www.bibliotecadeseguranca.com.br\/fr\/wp-json\/wp\/v2\/media?parent=11479"}],"wp:term":[{"taxonomy":"category","embeddable":true,"href":"https:\/\/www.bibliotecadeseguranca.com.br\/fr\/wp-json\/wp\/v2\/categories?post=11479"},{"taxonomy":"post_tag","embeddable":true,"href":"https:\/\/www.bibliotecadeseguranca.com.br\/fr\/wp-json\/wp\/v2\/tags?post=11479"}],"curies":[{"name":"wp","href":"https:\/\/api.w.org\/{rel}","templated":true}]}}