{"id":11436,"date":"2014-09-20T09:30:38","date_gmt":"2014-09-20T12:30:38","guid":{"rendered":"http:\/\/www.bibliotecadeseguranca.com.br\/fr\/?p=11436"},"modified":"2014-09-20T09:10:55","modified_gmt":"2014-09-20T12:10:55","slug":"la-medicion-del-delito-en-la-seguridad-publica","status":"publish","type":"post","link":"https:\/\/www.bibliotecadeseguranca.com.br\/fr\/livros\/la-medicion-del-delito-en-la-seguridad-publica\/","title":{"rendered":"La Medici\u00f3n del Delito en la Seguridad P\u00fablica"},"content":{"rendered":"<p><span style=\"color: #003366;\"><strong><img loading=\"lazy\" decoding=\"async\" class=\"alignleft size-full wp-image-11437\" src=\"http:\/\/www.bibliotecadeseguranca.com.br\/fr\/wp-content\/uploads\/2014\/09\/la-medicion-del-delito-en-la-seguridad-publica.jpg\" alt=\"La Medici\u00f3n del Delito en la Seguridad P\u00fablica\" width=\"145\" height=\"204\" srcset=\"https:\/\/www.bibliotecadeseguranca.com.br\/fr\/wp-content\/uploads\/2014\/09\/la-medicion-del-delito-en-la-seguridad-publica.jpg 145w, https:\/\/www.bibliotecadeseguranca.com.br\/fr\/wp-content\/uploads\/2014\/09\/la-medicion-del-delito-en-la-seguridad-publica-106x150.jpg 106w\" sizes=\"auto, (max-width: 145px) 100vw, 145px\" \/>Tomas Fernandez Villazala<\/strong><\/span><\/p>\n<p><span style=\"color: #003366;\"><strong>Editor Editorial Dykinson<\/strong><\/span><\/p>\n<p><span style=\"color: #003366;\"><strong>Descripci\u00f3n:<\/strong><\/span> El t\u00edtulo de esta monograf\u00eda presenta, ya de entrada, un interrogante que preocupa tanto a la opini\u00f3n generalizada como a la acad\u00eamica. Ordinariamente, la cuantificaci\u00f3n de las infracciones penales se relaciona con la seguridad ciudadana en tanto que \u00e9sta se relaciona a su vez con la delincuencia. Parecer\u00eda m\u00e1s adecuado, en principio, la sustituci\u00f3n de la expresi\u00a2n seguridad p\u00fablica por seguridad ciudadana, pero tampoco esta propuesta es totalmente satisfactoria. Lo cierto es que ambas expresiones se conectan por parte de la doctrina con la noci\u00f3n de polic\u00eda administrativa y eso nos parece acertado, pero el abuso de la noci\u00f3n de polic\u00eda administrativa y de orden p\u00fablico en los reg\u00edmenes autocr\u00edticos, y en particular el que ha presidido nuestra historia reciente, no justifica que desde el dise\u00f1o constitucional y hasta ahora no exista un mayor claridad al respecto, al menos en el campo cient\u00edfico.<\/p>\n","protected":false},"excerpt":{"rendered":"<p>Tomas Fernandez Villazala Editor Editorial Dykinson Descripci\u00f3n: El t\u00edtulo de esta monograf\u00eda presenta, ya de entrada, un interrogante que preocupa tanto a la opini\u00f3n generalizada como a la acad\u00eamica. Ordinariamente, la cuantificaci\u00f3n de las infracciones penales se relaciona con la seguridad ciudadana en tanto que \u00e9sta se relaciona a su vez con la delincuencia. Parecer\u00eda m\u00e1s adecuado, en principio, la sustituci\u00f3n de la expresi\u00a2n seguridad p\u00fablica por seguridad ciudadana, pero&hellip; <\/p>\n","protected":false},"author":3,"featured_media":11437,"comment_status":"open","ping_status":"closed","sticky":false,"template":"","format":"standard","meta":{"footnotes":""},"categories":[81,6,25],"tags":[],"class_list":["post-11436","post","type-post","status-publish","format-standard","has-post-thumbnail","hentry","category-espanol","category-livros","category-seguranca-publica-e-defesa"],"views":217,"_links":{"self":[{"href":"https:\/\/www.bibliotecadeseguranca.com.br\/fr\/wp-json\/wp\/v2\/posts\/11436","targetHints":{"allow":["GET"]}}],"collection":[{"href":"https:\/\/www.bibliotecadeseguranca.com.br\/fr\/wp-json\/wp\/v2\/posts"}],"about":[{"href":"https:\/\/www.bibliotecadeseguranca.com.br\/fr\/wp-json\/wp\/v2\/types\/post"}],"author":[{"embeddable":true,"href":"https:\/\/www.bibliotecadeseguranca.com.br\/fr\/wp-json\/wp\/v2\/users\/3"}],"replies":[{"embeddable":true,"href":"https:\/\/www.bibliotecadeseguranca.com.br\/fr\/wp-json\/wp\/v2\/comments?post=11436"}],"version-history":[{"count":1,"href":"https:\/\/www.bibliotecadeseguranca.com.br\/fr\/wp-json\/wp\/v2\/posts\/11436\/revisions"}],"predecessor-version":[{"id":11438,"href":"https:\/\/www.bibliotecadeseguranca.com.br\/fr\/wp-json\/wp\/v2\/posts\/11436\/revisions\/11438"}],"wp:featuredmedia":[{"embeddable":true,"href":"https:\/\/www.bibliotecadeseguranca.com.br\/fr\/wp-json\/wp\/v2\/media\/11437"}],"wp:attachment":[{"href":"https:\/\/www.bibliotecadeseguranca.com.br\/fr\/wp-json\/wp\/v2\/media?parent=11436"}],"wp:term":[{"taxonomy":"category","embeddable":true,"href":"https:\/\/www.bibliotecadeseguranca.com.br\/fr\/wp-json\/wp\/v2\/categories?post=11436"},{"taxonomy":"post_tag","embeddable":true,"href":"https:\/\/www.bibliotecadeseguranca.com.br\/fr\/wp-json\/wp\/v2\/tags?post=11436"}],"curies":[{"name":"wp","href":"https:\/\/api.w.org\/{rel}","templated":true}]}}