{"id":11399,"date":"2014-09-12T09:30:10","date_gmt":"2014-09-12T12:30:10","guid":{"rendered":"http:\/\/www.bibliotecadeseguranca.com.br\/fr\/?p=11399"},"modified":"2014-09-12T08:03:45","modified_gmt":"2014-09-12T11:03:45","slug":"o-que-faz-a-policia","status":"publish","type":"post","link":"https:\/\/www.bibliotecadeseguranca.com.br\/fr\/livros\/o-que-faz-a-policia\/","title":{"rendered":"O que faz a Pol\u00edcia"},"content":{"rendered":"<p><span style=\"color: #003366;\"><strong><img loading=\"lazy\" decoding=\"async\" class=\"alignleft size-full wp-image-11400\" src=\"http:\/\/www.bibliotecadeseguranca.com.br\/fr\/wp-content\/uploads\/2014\/09\/o-que-faz-a-policia.jpg\" alt=\"O que faz a Pol\u00edcia\" width=\"145\" height=\"194\" srcset=\"https:\/\/www.bibliotecadeseguranca.com.br\/fr\/wp-content\/uploads\/2014\/09\/o-que-faz-a-policia.jpg 145w, https:\/\/www.bibliotecadeseguranca.com.br\/fr\/wp-content\/uploads\/2014\/09\/o-que-faz-a-policia-112x150.jpg 112w\" sizes=\"auto, (max-width: 145px) 100vw, 145px\" \/>Dominique Monjardet<\/strong><\/span><\/p>\n<p><span style=\"color: #003366;\"><strong>Editor Edusp<\/strong><\/span><\/p>\n<p><span style=\"color: #003366;\"><strong>Descripci\u00f3n:<\/strong><\/span> Monjardet analisa a institui\u00e7\u00e3o policial, identificando suas dimens\u00f5es essenciais, e discute as rela\u00e7\u00f5es e tens\u00f5es entre poder, pol\u00edtica e sociedade. Para o autor, \u00e9 imprescind\u00edvel o debate sobre a institui\u00e7\u00e3o policial simultaneamente em suas tr\u00eas dimens\u00f5es &#8211; institucional, organizacional e profissional -, suprindo assim uma lacuna existente em muitos trabalhos que tratam do tema. A an\u00e1lise da din\u00e2mica interna da pol\u00edcia \u00e9 complementada com o estudo das rela\u00e7\u00f5es entre o sistema policial e a sociedade, demandat\u00e1ria do servi\u00e7o prestado pelas corpora\u00e7\u00f5es.<\/p>\n","protected":false},"excerpt":{"rendered":"<p>Dominique Monjardet Editor Edusp Descripci\u00f3n: Monjardet analisa a institui\u00e7\u00e3o policial, identificando suas dimens\u00f5es essenciais, e discute as rela\u00e7\u00f5es e tens\u00f5es entre poder, pol\u00edtica e sociedade. Para o autor, \u00e9 imprescind\u00edvel o debate sobre a institui\u00e7\u00e3o policial simultaneamente em suas tr\u00eas dimens\u00f5es &#8211; institucional, organizacional e profissional -, suprindo assim uma lacuna existente em muitos trabalhos que tratam do tema. A an\u00e1lise da din\u00e2mica interna da pol\u00edcia \u00e9 complementada com o&hellip; <\/p>\n","protected":false},"author":3,"featured_media":11400,"comment_status":"open","ping_status":"closed","sticky":false,"template":"","format":"standard","meta":{"footnotes":""},"categories":[6,25],"tags":[],"class_list":["post-11399","post","type-post","status-publish","format-standard","has-post-thumbnail","hentry","category-livros","category-seguranca-publica-e-defesa"],"views":323,"_links":{"self":[{"href":"https:\/\/www.bibliotecadeseguranca.com.br\/fr\/wp-json\/wp\/v2\/posts\/11399","targetHints":{"allow":["GET"]}}],"collection":[{"href":"https:\/\/www.bibliotecadeseguranca.com.br\/fr\/wp-json\/wp\/v2\/posts"}],"about":[{"href":"https:\/\/www.bibliotecadeseguranca.com.br\/fr\/wp-json\/wp\/v2\/types\/post"}],"author":[{"embeddable":true,"href":"https:\/\/www.bibliotecadeseguranca.com.br\/fr\/wp-json\/wp\/v2\/users\/3"}],"replies":[{"embeddable":true,"href":"https:\/\/www.bibliotecadeseguranca.com.br\/fr\/wp-json\/wp\/v2\/comments?post=11399"}],"version-history":[{"count":2,"href":"https:\/\/www.bibliotecadeseguranca.com.br\/fr\/wp-json\/wp\/v2\/posts\/11399\/revisions"}],"predecessor-version":[{"id":11402,"href":"https:\/\/www.bibliotecadeseguranca.com.br\/fr\/wp-json\/wp\/v2\/posts\/11399\/revisions\/11402"}],"wp:featuredmedia":[{"embeddable":true,"href":"https:\/\/www.bibliotecadeseguranca.com.br\/fr\/wp-json\/wp\/v2\/media\/11400"}],"wp:attachment":[{"href":"https:\/\/www.bibliotecadeseguranca.com.br\/fr\/wp-json\/wp\/v2\/media?parent=11399"}],"wp:term":[{"taxonomy":"category","embeddable":true,"href":"https:\/\/www.bibliotecadeseguranca.com.br\/fr\/wp-json\/wp\/v2\/categories?post=11399"},{"taxonomy":"post_tag","embeddable":true,"href":"https:\/\/www.bibliotecadeseguranca.com.br\/fr\/wp-json\/wp\/v2\/tags?post=11399"}],"curies":[{"name":"wp","href":"https:\/\/api.w.org\/{rel}","templated":true}]}}