{"id":11383,"date":"2014-09-08T09:30:01","date_gmt":"2014-09-08T12:30:01","guid":{"rendered":"http:\/\/www.bibliotecadeseguranca.com.br\/fr\/?p=11383"},"modified":"2014-09-08T08:30:32","modified_gmt":"2014-09-08T11:30:32","slug":"policias-e-sociedade-na-europa","status":"publish","type":"post","link":"https:\/\/www.bibliotecadeseguranca.com.br\/fr\/livros\/policias-e-sociedade-na-europa\/","title":{"rendered":"Pol\u00edcias e Sociedade na Europa"},"content":{"rendered":"<p><span style=\"color: #003366;\"><strong><img loading=\"lazy\" decoding=\"async\" class=\"alignleft size-full wp-image-11384\" src=\"http:\/\/www.bibliotecadeseguranca.com.br\/fr\/wp-content\/uploads\/2014\/09\/policias-e-sociedade-na-europa.jpg\" alt=\"Pol\u00edcias e Sociedade na Europa\" width=\"145\" height=\"192\" srcset=\"https:\/\/www.bibliotecadeseguranca.com.br\/fr\/wp-content\/uploads\/2014\/09\/policias-e-sociedade-na-europa.jpg 145w, https:\/\/www.bibliotecadeseguranca.com.br\/fr\/wp-content\/uploads\/2014\/09\/policias-e-sociedade-na-europa-113x150.jpg 113w\" sizes=\"auto, (max-width: 145px) 100vw, 145px\" \/>Jean-Claude Monet<\/strong><\/span><\/p>\n<p><span style=\"color: #003366;\"><strong>Editor Edusp<\/strong><\/span><\/p>\n<p><span style=\"color: #003366;\"><strong>Descripci\u00f3n:<\/strong><\/span> A especializa\u00e7\u00e3o e a profissionaliza\u00e7\u00e3o s\u00e3o os principais desafios colocados para as pol\u00edcias no s\u00e9culo XXI. No terceiro volume da s\u00e9rie Pol\u00edcia e Sociedade, o autor, um dos mais eminentes especialistas europeus de seguran\u00e7a p\u00fablica, faz um breve hist\u00f3rico da origem das pol\u00edcias modernas para, em seguida, apresentar um quadro detalhado dos modelos institucionais e do funcionamento cotidiano das pol\u00edcias da Europa que enfrentam desafios semelhantes \u00e0queles colocados para as pol\u00edcias no Brasil. Entre eles, a crise de legitimidade, a seguran\u00e7a do cidad\u00e3o, o crime organizado e o terrorismo. Nas palavras de Paulo S\u00e9rgio Pinheiro o livro \u201c\u00e9 uma contribui\u00e7\u00e3o not\u00e1vel para policiais, operadores do direito e estudiosos repensarem a pol\u00edcia no contexto de consolida\u00e7\u00e3o democr\u00e1tica no continente latino-americano\u201d.<\/p>\n","protected":false},"excerpt":{"rendered":"<p>Jean-Claude Monet Editor Edusp Descripci\u00f3n: A especializa\u00e7\u00e3o e a profissionaliza\u00e7\u00e3o s\u00e3o os principais desafios colocados para as pol\u00edcias no s\u00e9culo XXI. No terceiro volume da s\u00e9rie Pol\u00edcia e Sociedade, o autor, um dos mais eminentes especialistas europeus de seguran\u00e7a p\u00fablica, faz um breve hist\u00f3rico da origem das pol\u00edcias modernas para, em seguida, apresentar um quadro detalhado dos modelos institucionais e do funcionamento cotidiano das pol\u00edcias da Europa que enfrentam desafios&hellip; <\/p>\n","protected":false},"author":3,"featured_media":11384,"comment_status":"open","ping_status":"closed","sticky":false,"template":"","format":"standard","meta":{"footnotes":""},"categories":[6,25],"tags":[],"class_list":["post-11383","post","type-post","status-publish","format-standard","has-post-thumbnail","hentry","category-livros","category-seguranca-publica-e-defesa"],"views":286,"_links":{"self":[{"href":"https:\/\/www.bibliotecadeseguranca.com.br\/fr\/wp-json\/wp\/v2\/posts\/11383","targetHints":{"allow":["GET"]}}],"collection":[{"href":"https:\/\/www.bibliotecadeseguranca.com.br\/fr\/wp-json\/wp\/v2\/posts"}],"about":[{"href":"https:\/\/www.bibliotecadeseguranca.com.br\/fr\/wp-json\/wp\/v2\/types\/post"}],"author":[{"embeddable":true,"href":"https:\/\/www.bibliotecadeseguranca.com.br\/fr\/wp-json\/wp\/v2\/users\/3"}],"replies":[{"embeddable":true,"href":"https:\/\/www.bibliotecadeseguranca.com.br\/fr\/wp-json\/wp\/v2\/comments?post=11383"}],"version-history":[{"count":1,"href":"https:\/\/www.bibliotecadeseguranca.com.br\/fr\/wp-json\/wp\/v2\/posts\/11383\/revisions"}],"predecessor-version":[{"id":11385,"href":"https:\/\/www.bibliotecadeseguranca.com.br\/fr\/wp-json\/wp\/v2\/posts\/11383\/revisions\/11385"}],"wp:featuredmedia":[{"embeddable":true,"href":"https:\/\/www.bibliotecadeseguranca.com.br\/fr\/wp-json\/wp\/v2\/media\/11384"}],"wp:attachment":[{"href":"https:\/\/www.bibliotecadeseguranca.com.br\/fr\/wp-json\/wp\/v2\/media?parent=11383"}],"wp:term":[{"taxonomy":"category","embeddable":true,"href":"https:\/\/www.bibliotecadeseguranca.com.br\/fr\/wp-json\/wp\/v2\/categories?post=11383"},{"taxonomy":"post_tag","embeddable":true,"href":"https:\/\/www.bibliotecadeseguranca.com.br\/fr\/wp-json\/wp\/v2\/tags?post=11383"}],"curies":[{"name":"wp","href":"https:\/\/api.w.org\/{rel}","templated":true}]}}