{"id":11371,"date":"2014-09-05T09:30:35","date_gmt":"2014-09-05T12:30:35","guid":{"rendered":"http:\/\/www.bibliotecadeseguranca.com.br\/fr\/?p=11371"},"modified":"2014-09-05T08:40:44","modified_gmt":"2014-09-05T11:40:44","slug":"iv-estudo-do-setor-da-seguranca-privada","status":"publish","type":"post","link":"https:\/\/www.bibliotecadeseguranca.com.br\/fr\/livros\/iv-estudo-do-setor-da-seguranca-privada\/","title":{"rendered":"IV Estudo do Setor da Seguran\u00e7a Privada"},"content":{"rendered":"<p><span style=\"color: rgb(0, 51, 102);\"><strong><img loading=\"lazy\" decoding=\"async\" class=\"alignleft size-full wp-image-11372\" src=\"http:\/\/www.bibliotecadeseguranca.com.br\/fr\/wp-content\/uploads\/2014\/09\/iv-estudo-do-setor-da-seguranca-privada.jpg\" alt=\"IV Estudo do Setor da Seguran\u00e7a Privada\" width=\"145\" height=\"146\" \/>Editor Fenavist<\/strong><\/span><\/p>\n<p><span style=\"color: rgb(0, 51, 102);\"><strong>Descripci\u00f3n:<\/strong><\/span> O objetivo deste estudo \u00e9 oferecer aos sindicatos, diretores, associados, empres\u00e1rios do segmento, estudiosos, contratantes, \u00f3rg\u00e3os reguladores e fiscalizadores, imprensa, entidades de classe e sociedade, dados sobre o setor que possam ser utilizados como refer\u00eancia no relacionamento com o governo, o mercado e os meios de comunica\u00e7\u00e3o em geral. Tamb\u00e9m atualiza os dados do III ESSEG, realizado em 2013, com dados de Dezembro\/2012. Fornece ainda uma refer\u00eancia do peso do setor na economia nacional e da sua posi\u00e7\u00e3o como importante empregador de m\u00e3o de obra e pagador de impostos.<\/p>\n<p><a href=\"http:\/\/www.fenavist.org.br\/downloads\/PDF\/IV-ESSEG.pdf\" target=\"_blank\"><img loading=\"lazy\" decoding=\"async\" class=\"alignleft size-full wp-image-11252\" src=\"http:\/\/www.bibliotecadeseguranca.com.br\/fr\/wp-content\/uploads\/2014\/08\/descargar.gif\" alt=\"Descargar\" width=\"93\" height=\"25\" \/><\/a><\/p>\n","protected":false},"excerpt":{"rendered":"<p>Editor Fenavist Descripci\u00f3n: O objetivo deste estudo \u00e9 oferecer aos sindicatos, diretores, associados, empres\u00e1rios do segmento, estudiosos, contratantes, \u00f3rg\u00e3os reguladores e fiscalizadores, imprensa, entidades de classe e sociedade, dados sobre o setor que possam ser utilizados como refer\u00eancia no relacionamento com o governo, o mercado e os meios de comunica\u00e7\u00e3o em geral. Tamb\u00e9m atualiza os dados do III ESSEG, realizado em 2013, com dados de Dezembro\/2012. Fornece ainda uma refer\u00eancia&hellip; <\/p>\n","protected":false},"author":3,"featured_media":11372,"comment_status":"open","ping_status":"closed","sticky":false,"template":"","format":"standard","meta":{"footnotes":""},"categories":[23,6,112],"tags":[],"class_list":["post-11371","post","type-post","status-publish","format-standard","has-post-thumbnail","hentry","category-gestao-da-seguranca-empresarial","category-livros","category-download"],"views":275,"_links":{"self":[{"href":"https:\/\/www.bibliotecadeseguranca.com.br\/fr\/wp-json\/wp\/v2\/posts\/11371","targetHints":{"allow":["GET"]}}],"collection":[{"href":"https:\/\/www.bibliotecadeseguranca.com.br\/fr\/wp-json\/wp\/v2\/posts"}],"about":[{"href":"https:\/\/www.bibliotecadeseguranca.com.br\/fr\/wp-json\/wp\/v2\/types\/post"}],"author":[{"embeddable":true,"href":"https:\/\/www.bibliotecadeseguranca.com.br\/fr\/wp-json\/wp\/v2\/users\/3"}],"replies":[{"embeddable":true,"href":"https:\/\/www.bibliotecadeseguranca.com.br\/fr\/wp-json\/wp\/v2\/comments?post=11371"}],"version-history":[{"count":1,"href":"https:\/\/www.bibliotecadeseguranca.com.br\/fr\/wp-json\/wp\/v2\/posts\/11371\/revisions"}],"predecessor-version":[{"id":11373,"href":"https:\/\/www.bibliotecadeseguranca.com.br\/fr\/wp-json\/wp\/v2\/posts\/11371\/revisions\/11373"}],"wp:featuredmedia":[{"embeddable":true,"href":"https:\/\/www.bibliotecadeseguranca.com.br\/fr\/wp-json\/wp\/v2\/media\/11372"}],"wp:attachment":[{"href":"https:\/\/www.bibliotecadeseguranca.com.br\/fr\/wp-json\/wp\/v2\/media?parent=11371"}],"wp:term":[{"taxonomy":"category","embeddable":true,"href":"https:\/\/www.bibliotecadeseguranca.com.br\/fr\/wp-json\/wp\/v2\/categories?post=11371"},{"taxonomy":"post_tag","embeddable":true,"href":"https:\/\/www.bibliotecadeseguranca.com.br\/fr\/wp-json\/wp\/v2\/tags?post=11371"}],"curies":[{"name":"wp","href":"https:\/\/api.w.org\/{rel}","templated":true}]}}