{"id":11339,"date":"2014-08-28T09:30:12","date_gmt":"2014-08-28T12:30:12","guid":{"rendered":"http:\/\/www.bibliotecadeseguranca.com.br\/fr\/?p=11339"},"modified":"2014-08-28T08:56:26","modified_gmt":"2014-08-28T11:56:26","slug":"poder-de-policia-na-atualidade","status":"publish","type":"post","link":"https:\/\/www.bibliotecadeseguranca.com.br\/fr\/livros\/poder-de-policia-na-atualidade\/","title":{"rendered":"Poder de Pol\u00edcia na Atualidade"},"content":{"rendered":"<p><span style=\"color: rgb(0, 51, 102);\"><strong><img loading=\"lazy\" decoding=\"async\" class=\"alignleft size-full wp-image-11340\" src=\"http:\/\/www.bibliotecadeseguranca.com.br\/fr\/wp-content\/uploads\/2014\/08\/poder-de-policia-na-atualidade.jpg\" alt=\"Poder de Pol\u00edcia na Atualidade\" width=\"145\" height=\"217\" srcset=\"https:\/\/www.bibliotecadeseguranca.com.br\/fr\/wp-content\/uploads\/2014\/08\/poder-de-policia-na-atualidade.jpg 145w, https:\/\/www.bibliotecadeseguranca.com.br\/fr\/wp-content\/uploads\/2014\/08\/poder-de-policia-na-atualidade-100x150.jpg 100w\" sizes=\"auto, (max-width: 145px) 100vw, 145px\" \/>Odete Medauar, Vitor Rhein Schirato<\/strong><\/span><\/p>\n<p><span style=\"color: rgb(0, 51, 102);\"><strong>Editor F\u00f3rum<\/strong><\/span><\/p>\n<p><span style=\"color: rgb(0, 51, 102);\"><strong>Descripci\u00f3n:<\/strong><\/span> Esta obra inicia novas fases de discuss\u00e3o sobre o poder de pol\u00edcia, tirando-o do Estado absente\u00edsta do s\u00e9culo XIX e trazendo-o para os dias atuais, marcados pelo primado dos direitos fundamentais e pela centralidade dos cidad\u00e3os na ordem jur\u00eddica. O contraponto direitos fundamentais-poder de pol\u00edcia (ou seu equil\u00edbrio) lan\u00e7a um desafio constante ao estudioso do Direito P\u00fablico e ao aplicador do Direito, permeando tamb\u00e9m v\u00e1rios \u00e2mbitos da vida coletiva. Eis outro motivo para reavivar seu estudo, como se efetua neste livro.<\/p>\n","protected":false},"excerpt":{"rendered":"<p>Odete Medauar, Vitor Rhein Schirato Editor F\u00f3rum Descripci\u00f3n: Esta obra inicia novas fases de discuss\u00e3o sobre o poder de pol\u00edcia, tirando-o do Estado absente\u00edsta do s\u00e9culo XIX e trazendo-o para os dias atuais, marcados pelo primado dos direitos fundamentais e pela centralidade dos cidad\u00e3os na ordem jur\u00eddica. O contraponto direitos fundamentais-poder de pol\u00edcia (ou seu equil\u00edbrio) lan\u00e7a um desafio constante ao estudioso do Direito P\u00fablico e ao aplicador do Direito,&hellip; <\/p>\n","protected":false},"author":3,"featured_media":11340,"comment_status":"open","ping_status":"closed","sticky":false,"template":"","format":"standard","meta":{"footnotes":""},"categories":[6,25],"tags":[],"class_list":["post-11339","post","type-post","status-publish","format-standard","has-post-thumbnail","hentry","category-livros","category-seguranca-publica-e-defesa"],"views":215,"_links":{"self":[{"href":"https:\/\/www.bibliotecadeseguranca.com.br\/fr\/wp-json\/wp\/v2\/posts\/11339","targetHints":{"allow":["GET"]}}],"collection":[{"href":"https:\/\/www.bibliotecadeseguranca.com.br\/fr\/wp-json\/wp\/v2\/posts"}],"about":[{"href":"https:\/\/www.bibliotecadeseguranca.com.br\/fr\/wp-json\/wp\/v2\/types\/post"}],"author":[{"embeddable":true,"href":"https:\/\/www.bibliotecadeseguranca.com.br\/fr\/wp-json\/wp\/v2\/users\/3"}],"replies":[{"embeddable":true,"href":"https:\/\/www.bibliotecadeseguranca.com.br\/fr\/wp-json\/wp\/v2\/comments?post=11339"}],"version-history":[{"count":1,"href":"https:\/\/www.bibliotecadeseguranca.com.br\/fr\/wp-json\/wp\/v2\/posts\/11339\/revisions"}],"predecessor-version":[{"id":11341,"href":"https:\/\/www.bibliotecadeseguranca.com.br\/fr\/wp-json\/wp\/v2\/posts\/11339\/revisions\/11341"}],"wp:featuredmedia":[{"embeddable":true,"href":"https:\/\/www.bibliotecadeseguranca.com.br\/fr\/wp-json\/wp\/v2\/media\/11340"}],"wp:attachment":[{"href":"https:\/\/www.bibliotecadeseguranca.com.br\/fr\/wp-json\/wp\/v2\/media?parent=11339"}],"wp:term":[{"taxonomy":"category","embeddable":true,"href":"https:\/\/www.bibliotecadeseguranca.com.br\/fr\/wp-json\/wp\/v2\/categories?post=11339"},{"taxonomy":"post_tag","embeddable":true,"href":"https:\/\/www.bibliotecadeseguranca.com.br\/fr\/wp-json\/wp\/v2\/tags?post=11339"}],"curies":[{"name":"wp","href":"https:\/\/api.w.org\/{rel}","templated":true}]}}