{"id":11152,"date":"2014-07-29T09:30:28","date_gmt":"2014-07-29T12:30:28","guid":{"rendered":"http:\/\/www.bibliotecadeseguranca.com.br\/fr\/?p=11152"},"modified":"2014-07-29T09:08:26","modified_gmt":"2014-07-29T12:08:26","slug":"estrategia-corporativa","status":"publish","type":"post","link":"https:\/\/www.bibliotecadeseguranca.com.br\/fr\/livros\/estrategia-corporativa\/","title":{"rendered":"Estrat\u00e9gia Corporativa"},"content":{"rendered":"<p><span style=\"color: rgb(0, 51, 102);\"><strong><img loading=\"lazy\" decoding=\"async\" class=\"alignleft size-full wp-image-11153\" src=\"http:\/\/www.bibliotecadeseguranca.com.br\/fr\/wp-content\/uploads\/2014\/07\/estrategia-corporativa.jpg\" alt=\"Estrat\u00e9gia Corporativa\" width=\"145\" height=\"209\" srcset=\"https:\/\/www.bibliotecadeseguranca.com.br\/fr\/wp-content\/uploads\/2014\/07\/estrategia-corporativa.jpg 145w, https:\/\/www.bibliotecadeseguranca.com.br\/fr\/wp-content\/uploads\/2014\/07\/estrategia-corporativa-104x150.jpg 104w\" sizes=\"auto, (max-width: 145px) 100vw, 145px\" \/>Manuel Portugal Ferreira, Gilberto de Oliveira Moritz, Maur\u00edcio Fernandes Pereira, Fernando Antonio Ribeiro Serra<\/strong><\/span><\/p>\n<p><span style=\"color: rgb(0, 51, 102);\"><strong>Editor Atlas<\/strong><\/span><\/p>\n<p><span style=\"color: rgb(0, 51, 102);\"><strong>Descripci\u00f3n:<\/strong><\/span> Os textos que integram este livro foram organizados em tr\u00eas partes. A Parte I &#8211; Estrat\u00e9gias corporativas &#8211; compreende dois artigos que mostram duas dimens\u00f5es da estrat\u00e9gia corporativa. Um foca as aquisi\u00e7\u00f5es internacionais e o outro a decis\u00e3o para a integra\u00e7\u00e3o vertical. A Parte 2 &#8211; Implementa\u00e7\u00e3o e renova\u00e7\u00e3o da estrat\u00e9gia &#8211; cont\u00e9m tr\u00eas textos que abordam a import\u00e2ncia do contexto, do processo e do conte\u00fado nas mudan\u00e7as organizacionais. Segundo os artigos, os processos de mudan\u00e7a baseiam-se numa nova estrat\u00e9gia que exige altera\u00e7\u00f5es substanciais nas organiza\u00e7\u00f5es. Os tr\u00eas \u00faltimos artigos est\u00e3o organizados na Parte 3 &#8211; Internacionaliza\u00e7\u00e3o e estrat\u00e9gia. O primeiro texto \u00e9 intitulado Modelos de crescimento e governan\u00e7a das transa\u00e7\u00f5es no setor das embalagens. No segundo, \u00e9 examinado o efeito de eventos imprevis\u00edveis e incontrol\u00e1veis sobre decis\u00f5es espec\u00edficas da estrat\u00e9gia internacional da empresa. O terceiro artigo refere-se ao impacto da cultura pol\u00edtica na escolha da estrat\u00e9gia de internacionaliza\u00e7\u00e3o de explora\u00e7\u00e3o-prospec\u00e7\u00e3o.<\/p>\n","protected":false},"excerpt":{"rendered":"<p>Manuel Portugal Ferreira, Gilberto de Oliveira Moritz, Maur\u00edcio Fernandes Pereira, Fernando Antonio Ribeiro Serra Editor Atlas Descripci\u00f3n: Os textos que integram este livro foram organizados em tr\u00eas partes. A Parte I &#8211; Estrat\u00e9gias corporativas &#8211; compreende dois artigos que mostram duas dimens\u00f5es da estrat\u00e9gia corporativa. Um foca as aquisi\u00e7\u00f5es internacionais e o outro a decis\u00e3o para a integra\u00e7\u00e3o vertical. A Parte 2 &#8211; Implementa\u00e7\u00e3o e renova\u00e7\u00e3o da estrat\u00e9gia &#8211; cont\u00e9m&hellip; <\/p>\n","protected":false},"author":3,"featured_media":11153,"comment_status":"open","ping_status":"closed","sticky":false,"template":"","format":"standard","meta":{"footnotes":""},"categories":[14,6],"tags":[],"class_list":["post-11152","post","type-post","status-publish","format-standard","has-post-thumbnail","hentry","category-administracao-e-estrategia-empresarial","category-livros"],"views":500,"_links":{"self":[{"href":"https:\/\/www.bibliotecadeseguranca.com.br\/fr\/wp-json\/wp\/v2\/posts\/11152","targetHints":{"allow":["GET"]}}],"collection":[{"href":"https:\/\/www.bibliotecadeseguranca.com.br\/fr\/wp-json\/wp\/v2\/posts"}],"about":[{"href":"https:\/\/www.bibliotecadeseguranca.com.br\/fr\/wp-json\/wp\/v2\/types\/post"}],"author":[{"embeddable":true,"href":"https:\/\/www.bibliotecadeseguranca.com.br\/fr\/wp-json\/wp\/v2\/users\/3"}],"replies":[{"embeddable":true,"href":"https:\/\/www.bibliotecadeseguranca.com.br\/fr\/wp-json\/wp\/v2\/comments?post=11152"}],"version-history":[{"count":1,"href":"https:\/\/www.bibliotecadeseguranca.com.br\/fr\/wp-json\/wp\/v2\/posts\/11152\/revisions"}],"predecessor-version":[{"id":11154,"href":"https:\/\/www.bibliotecadeseguranca.com.br\/fr\/wp-json\/wp\/v2\/posts\/11152\/revisions\/11154"}],"wp:featuredmedia":[{"embeddable":true,"href":"https:\/\/www.bibliotecadeseguranca.com.br\/fr\/wp-json\/wp\/v2\/media\/11153"}],"wp:attachment":[{"href":"https:\/\/www.bibliotecadeseguranca.com.br\/fr\/wp-json\/wp\/v2\/media?parent=11152"}],"wp:term":[{"taxonomy":"category","embeddable":true,"href":"https:\/\/www.bibliotecadeseguranca.com.br\/fr\/wp-json\/wp\/v2\/categories?post=11152"},{"taxonomy":"post_tag","embeddable":true,"href":"https:\/\/www.bibliotecadeseguranca.com.br\/fr\/wp-json\/wp\/v2\/tags?post=11152"}],"curies":[{"name":"wp","href":"https:\/\/api.w.org\/{rel}","templated":true}]}}