{"id":11145,"date":"2014-07-28T09:30:19","date_gmt":"2014-07-28T12:30:19","guid":{"rendered":"http:\/\/www.bibliotecadeseguranca.com.br\/fr\/?p=11145"},"modified":"2014-08-21T18:40:38","modified_gmt":"2014-08-21T21:40:38","slug":"gestao-da-seguranca-da-informacao-e-comunicacoes","status":"publish","type":"post","link":"https:\/\/www.bibliotecadeseguranca.com.br\/fr\/livros\/gestao-da-seguranca-da-informacao-e-comunicacoes\/","title":{"rendered":"Gest\u00e3o da Seguran\u00e7a da Informa\u00e7\u00e3o e Comunica\u00e7\u00f5es"},"content":{"rendered":"<p><span style=\"color: #003366;\"><strong><img loading=\"lazy\" decoding=\"async\" class=\"alignleft size-full wp-image-11147\" src=\"http:\/\/www.bibliotecadeseguranca.com.br\/fr\/wp-content\/uploads\/2014\/07\/gestao-da-seguranca-da-informacao-e-comunicacoes.jpg\" alt=\"Gest\u00e3o da Seguran\u00e7a da Informa\u00e7\u00e3o e Comunica\u00e7\u00f5es\" width=\"145\" height=\"205\" srcset=\"https:\/\/www.bibliotecadeseguranca.com.br\/fr\/wp-content\/uploads\/2014\/07\/gestao-da-seguranca-da-informacao-e-comunicacoes.jpg 145w, https:\/\/www.bibliotecadeseguranca.com.br\/fr\/wp-content\/uploads\/2014\/07\/gestao-da-seguranca-da-informacao-e-comunicacoes-106x150.jpg 106w\" sizes=\"auto, (max-width: 145px) 100vw, 145px\" \/>Editor Faculdade de Ci\u00eancia da Informa\u00e7\u00e3o Universidade de Bras\u00edlia<\/strong><\/span><\/p>\n<p><span style=\"color: #003366;\"><strong>Descripci\u00f3n:<\/strong><\/span> Este livro \u00e9 um registro parcial da produ\u00e7\u00e3o intelectual desenvolvida pela primeira turma do Curso de Especializa\u00e7\u00e3o em Gest\u00e3o da Seguran\u00e7a da Informa\u00e7\u00e3o e Comunica\u00e7\u00f5es, realizado pelo Departamento de Ci\u00eancia da Computa\u00e7\u00e3o da Universidade de Bras\u00edlia, CEGSIC 2007-2008. O curso foi realizado em resposta ao convite, seguido de colabora\u00e7\u00e3o, apoio e aporte de recursos organizacionais e financeiros pelo Gabinete de Seguran\u00e7a Institucional da Presid\u00eancia da Rep\u00fablica Federativa do Brasil, mais especificamente pelo Departamento de Seguran\u00e7a da Informa\u00e7\u00e3o e Comunica\u00e7\u00f5es (DSIC\/GSIPR). Foi produzido para atendimento \u00e0 Portaria 17\/2007 GSIPR. O CEGSIC 2007-2008, iniciou-se formalmente em novembro de 2007 e sua conclus\u00e3o ocorreu em meados do ano de 2009. O CEGSIC 2007-2008 teve carga hor\u00e1ria de 375 horas aula, realizadas em regime presencial, nas depend\u00eancias da Universidade de Bras\u00edlia. Contou com a participa\u00e7\u00e3o e apoio de docentes e t\u00e9cnicos dos Departamentos de Ci\u00eancia da Computa\u00e7\u00e3o, Engenharia El\u00e9trica e Ci\u00eancias da Informa\u00e7\u00e3o e Documenta\u00e7\u00e3o da UnB, bem como com professores e pesquisadores de fora da UnB. A parte I deste livro descreve em mais detalhes as motiva\u00e7\u00f5es e conceitos subjacentes \u00e0 realiza\u00e7\u00e3o do CEGSIC 2007-2008.<\/p>\n<p><a title=\"Gest\u00e3o da Seguran\u00e7a da Informa\u00e7\u00e3o e Comunica\u00e7\u00f5es\" href=\"http:\/\/www.biblioteca.presidencia.gov.br\/publicacoes-oficiais-1\/catalogo\/orgao-essenciais\/gabinete-de-seguranca-institucional\/gestao-da-seguranca-da-informacao-e-comunicacoes\/view\" target=\"_blank\"><img loading=\"lazy\" decoding=\"async\" class=\"alignleft size-full wp-image-11252\" src=\"http:\/\/www.bibliotecadeseguranca.com.br\/fr\/wp-content\/uploads\/2014\/08\/descargar.gif\" alt=\"Descargar\" width=\"93\" height=\"25\" \/><\/a><\/p>\n","protected":false},"excerpt":{"rendered":"<p>Editor Faculdade de Ci\u00eancia da Informa\u00e7\u00e3o Universidade de Bras\u00edlia Descripci\u00f3n: Este livro \u00e9 um registro parcial da produ\u00e7\u00e3o intelectual desenvolvida pela primeira turma do Curso de Especializa\u00e7\u00e3o em Gest\u00e3o da Seguran\u00e7a da Informa\u00e7\u00e3o e Comunica\u00e7\u00f5es, realizado pelo Departamento de Ci\u00eancia da Computa\u00e7\u00e3o da Universidade de Bras\u00edlia, CEGSIC 2007-2008. O curso foi realizado em resposta ao convite, seguido de colabora\u00e7\u00e3o, apoio e aporte de recursos organizacionais e financeiros pelo Gabinete de&hellip; <\/p>\n","protected":false},"author":3,"featured_media":11147,"comment_status":"open","ping_status":"closed","sticky":false,"template":"","format":"standard","meta":{"footnotes":""},"categories":[6,20,112],"tags":[],"class_list":["post-11145","post","type-post","status-publish","format-standard","has-post-thumbnail","hentry","category-livros","category-seguranca-da-informacao","category-download"],"views":214,"_links":{"self":[{"href":"https:\/\/www.bibliotecadeseguranca.com.br\/fr\/wp-json\/wp\/v2\/posts\/11145","targetHints":{"allow":["GET"]}}],"collection":[{"href":"https:\/\/www.bibliotecadeseguranca.com.br\/fr\/wp-json\/wp\/v2\/posts"}],"about":[{"href":"https:\/\/www.bibliotecadeseguranca.com.br\/fr\/wp-json\/wp\/v2\/types\/post"}],"author":[{"embeddable":true,"href":"https:\/\/www.bibliotecadeseguranca.com.br\/fr\/wp-json\/wp\/v2\/users\/3"}],"replies":[{"embeddable":true,"href":"https:\/\/www.bibliotecadeseguranca.com.br\/fr\/wp-json\/wp\/v2\/comments?post=11145"}],"version-history":[{"count":3,"href":"https:\/\/www.bibliotecadeseguranca.com.br\/fr\/wp-json\/wp\/v2\/posts\/11145\/revisions"}],"predecessor-version":[{"id":11257,"href":"https:\/\/www.bibliotecadeseguranca.com.br\/fr\/wp-json\/wp\/v2\/posts\/11145\/revisions\/11257"}],"wp:featuredmedia":[{"embeddable":true,"href":"https:\/\/www.bibliotecadeseguranca.com.br\/fr\/wp-json\/wp\/v2\/media\/11147"}],"wp:attachment":[{"href":"https:\/\/www.bibliotecadeseguranca.com.br\/fr\/wp-json\/wp\/v2\/media?parent=11145"}],"wp:term":[{"taxonomy":"category","embeddable":true,"href":"https:\/\/www.bibliotecadeseguranca.com.br\/fr\/wp-json\/wp\/v2\/categories?post=11145"},{"taxonomy":"post_tag","embeddable":true,"href":"https:\/\/www.bibliotecadeseguranca.com.br\/fr\/wp-json\/wp\/v2\/tags?post=11145"}],"curies":[{"name":"wp","href":"https:\/\/api.w.org\/{rel}","templated":true}]}}