{"id":11090,"date":"2014-07-15T09:30:36","date_gmt":"2014-07-15T12:30:36","guid":{"rendered":"http:\/\/www.bibliotecadeseguranca.com.br\/fr\/?p=11090"},"modified":"2014-07-15T07:00:55","modified_gmt":"2014-07-15T10:00:55","slug":"refem-diario-de-um-negociador","status":"publish","type":"post","link":"https:\/\/www.bibliotecadeseguranca.com.br\/fr\/livros\/refem-diario-de-um-negociador\/","title":{"rendered":"Ref\u00e9m \u2013 Di\u00e1rio de um Negociador"},"content":{"rendered":"<p><span style=\"color: #003366;\"><strong><img loading=\"lazy\" decoding=\"async\" class=\"alignleft size-full wp-image-11091\" src=\"http:\/\/www.bibliotecadeseguranca.com.br\/fr\/wp-content\/uploads\/2014\/07\/refem-diario-de-um-negociador.jpg\" alt=\"Ref\u00e9m \u2013 Di\u00e1rio de um Negociador\" width=\"145\" height=\"217\" srcset=\"https:\/\/www.bibliotecadeseguranca.com.br\/fr\/wp-content\/uploads\/2014\/07\/refem-diario-de-um-negociador.jpg 145w, https:\/\/www.bibliotecadeseguranca.com.br\/fr\/wp-content\/uploads\/2014\/07\/refem-diario-de-um-negociador-100x150.jpg 100w\" sizes=\"auto, (max-width: 145px) 100vw, 145px\" \/>Adriano de Barros<\/strong><\/span><\/p>\n<p><span style=\"color: #003366;\"><strong>Editor Livre Express\u00e3o<\/strong><\/span><\/p>\n<p><span style=\"color: #003366;\"><strong>Descripci\u00f3n:<\/strong><\/span> Ref\u00e9m \u2013 Di\u00e1rio de um negociador tem por objetivo destacar fatos ver\u00eddicos relacionados a seq\u00fcestros, pris\u00f5es efetuadas e alguns outros casos em que Adriano trabalhou, acrescentando alguns poucos fatos de fic\u00e7\u00e3o, assim como nomes fict\u00edcios de v\u00edtimas e policiais, visando preservar a integridade de cada um.<\/p>\n<p>A obra \u00e9, al\u00e9m de tudo, um relato sobre v\u00e1rios momentos e situa\u00e7\u00f5es emocionantes, inusitadas e \u00fanicas que permearam as in\u00fameras noites cuidando de vidas que at\u00e9 ent\u00e3o desconhecia. \u00c9 dividir com o leitor um pouco das emo\u00e7\u00f5es e destacar o valor dos anos dedicados ao combate de t\u00e3o hediondo crime, sem faltar uma dose de humor em situa\u00e7\u00f5es ocorridas durante o trajeto.<\/p>\n<p>O que se destaca em Ref\u00e9m \u2013 Di\u00e1rio de um negociador \u00e9 o fato de se tratarem de casos realmente ocorridos, observando cada detalhe, cada fato inusitado sem acrescentar acontecimentos inver\u00eddicos. O livro conta ainda com ilustra\u00e7\u00f5es reais retiradas de arquivos pessoais, jornais e mat\u00e9rias veiculadas na m\u00eddia, contando com registros de a\u00e7\u00f5es de resgate de v\u00edtimas do cativeiro, deixando as hist\u00f3rias ainda mais emocionantes. Sem d\u00favida o leitor pode mergulhar de cabe\u00e7a ao imaginar as situa\u00e7\u00f5es contidas na obras, sentindo um pouco do que realmente aconteceu.<\/p>\n","protected":false},"excerpt":{"rendered":"<p>Adriano de Barros Editor Livre Express\u00e3o Descripci\u00f3n: Ref\u00e9m \u2013 Di\u00e1rio de um negociador tem por objetivo destacar fatos ver\u00eddicos relacionados a seq\u00fcestros, pris\u00f5es efetuadas e alguns outros casos em que Adriano trabalhou, acrescentando alguns poucos fatos de fic\u00e7\u00e3o, assim como nomes fict\u00edcios de v\u00edtimas e policiais, visando preservar a integridade de cada um. A obra \u00e9, al\u00e9m de tudo, um relato sobre v\u00e1rios momentos e situa\u00e7\u00f5es emocionantes, inusitadas e \u00fanicas&hellip; <\/p>\n","protected":false},"author":3,"featured_media":11091,"comment_status":"open","ping_status":"closed","sticky":false,"template":"","format":"standard","meta":{"footnotes":""},"categories":[10,6,25],"tags":[],"class_list":["post-11090","post","type-post","status-publish","format-standard","has-post-thumbnail","hentry","category-crime-violencia-e-criminologia","category-livros","category-seguranca-publica-e-defesa"],"views":230,"_links":{"self":[{"href":"https:\/\/www.bibliotecadeseguranca.com.br\/fr\/wp-json\/wp\/v2\/posts\/11090","targetHints":{"allow":["GET"]}}],"collection":[{"href":"https:\/\/www.bibliotecadeseguranca.com.br\/fr\/wp-json\/wp\/v2\/posts"}],"about":[{"href":"https:\/\/www.bibliotecadeseguranca.com.br\/fr\/wp-json\/wp\/v2\/types\/post"}],"author":[{"embeddable":true,"href":"https:\/\/www.bibliotecadeseguranca.com.br\/fr\/wp-json\/wp\/v2\/users\/3"}],"replies":[{"embeddable":true,"href":"https:\/\/www.bibliotecadeseguranca.com.br\/fr\/wp-json\/wp\/v2\/comments?post=11090"}],"version-history":[{"count":1,"href":"https:\/\/www.bibliotecadeseguranca.com.br\/fr\/wp-json\/wp\/v2\/posts\/11090\/revisions"}],"predecessor-version":[{"id":11092,"href":"https:\/\/www.bibliotecadeseguranca.com.br\/fr\/wp-json\/wp\/v2\/posts\/11090\/revisions\/11092"}],"wp:featuredmedia":[{"embeddable":true,"href":"https:\/\/www.bibliotecadeseguranca.com.br\/fr\/wp-json\/wp\/v2\/media\/11091"}],"wp:attachment":[{"href":"https:\/\/www.bibliotecadeseguranca.com.br\/fr\/wp-json\/wp\/v2\/media?parent=11090"}],"wp:term":[{"taxonomy":"category","embeddable":true,"href":"https:\/\/www.bibliotecadeseguranca.com.br\/fr\/wp-json\/wp\/v2\/categories?post=11090"},{"taxonomy":"post_tag","embeddable":true,"href":"https:\/\/www.bibliotecadeseguranca.com.br\/fr\/wp-json\/wp\/v2\/tags?post=11090"}],"curies":[{"name":"wp","href":"https:\/\/api.w.org\/{rel}","templated":true}]}}