{"id":11069,"date":"2014-07-10T09:30:17","date_gmt":"2014-07-10T12:30:17","guid":{"rendered":"http:\/\/www.bibliotecadeseguranca.com.br\/fr\/?p=11069"},"modified":"2014-07-10T02:50:17","modified_gmt":"2014-07-10T05:50:17","slug":"seguranca-publica-fundamentos-juridicos-para-uma-abordagem-constitucional","status":"publish","type":"post","link":"https:\/\/www.bibliotecadeseguranca.com.br\/fr\/livros\/seguranca-publica-fundamentos-juridicos-para-uma-abordagem-constitucional\/","title":{"rendered":"Seguran\u00e7a P\u00fablica &#8211; Fundamentos Jur\u00eddicos Para Uma Abordagem Constitucional"},"content":{"rendered":"<p><span style=\"color: rgb(0, 51, 102);\"><strong><img loading=\"lazy\" decoding=\"async\" class=\"alignleft size-full wp-image-11070\" src=\"http:\/\/www.bibliotecadeseguranca.com.br\/fr\/wp-content\/uploads\/2014\/07\/seguranca-publica-fundamentos-juridicos-para-uma-abordagem-constitucional.jpg\" alt=\"Seguran\u00e7a P\u00fablica - Fundamentos Jur\u00eddicos Para Uma Abordagem Constitucional\" width=\"145\" height=\"203\" srcset=\"https:\/\/www.bibliotecadeseguranca.com.br\/fr\/wp-content\/uploads\/2014\/07\/seguranca-publica-fundamentos-juridicos-para-uma-abordagem-constitucional.jpg 145w, https:\/\/www.bibliotecadeseguranca.com.br\/fr\/wp-content\/uploads\/2014\/07\/seguranca-publica-fundamentos-juridicos-para-uma-abordagem-constitucional-107x150.jpg 107w\" sizes=\"auto, (max-width: 145px) 100vw, 145px\" \/>Humberto Barrionuevo Fabretti<\/strong><\/span><\/p>\n<p><span style=\"color: rgb(0, 51, 102);\"><strong>Editor Atlas<\/strong><\/span><\/p>\n<p><span style=\"color: rgb(0, 51, 102);\"><strong>Descripci\u00f3n:<\/strong><\/span> &#8220;A presente obra \u00e9 o resultado de pesquisas do autor realizadas para obter seu doutoramento em Direito Pol\u00edtico e Econ\u00f4mico pela Universidade Presbiteriana Mackenzie, aprovado com nota m\u00e1xima com louvor e distin\u00e7\u00e3o. Fiel \u00e0 linha de pesquisa da &#8216;Cidadania Modelando o Estado&#8217; \u2013 adotada pelo autor desde o mestrado -, a seguran\u00e7a p\u00fablica \u00e9 analisada sob o aspecto da cidadania, no contraponto do discurso dominante que procura desvincular a seguran\u00e7a p\u00fablica da ideia de cidadania por acreditar que somente por meio da supress\u00e3o de direitos \u00e9 poss\u00edvel ao Estado promover a seguran\u00e7a. O autor, corajosamente e de forma muito bem fundamentada, prop\u00f5e justamente o contr\u00e1rio, ou seja, sustenta que somente pelo desenvolvimento e pela expans\u00e3o da cidadania \u00e9 que ser\u00e1 poss\u00edvel alcan\u00e7ar um patamar m\u00ednimo de seguran\u00e7a.&#8221; &#8211; Trecho do Pref\u00e1cio de Jos\u00e9 Francisco Siqueira Neto.<\/p>\n","protected":false},"excerpt":{"rendered":"<p>Humberto Barrionuevo Fabretti Editor Atlas Descripci\u00f3n: &#8220;A presente obra \u00e9 o resultado de pesquisas do autor realizadas para obter seu doutoramento em Direito Pol\u00edtico e Econ\u00f4mico pela Universidade Presbiteriana Mackenzie, aprovado com nota m\u00e1xima com louvor e distin\u00e7\u00e3o. Fiel \u00e0 linha de pesquisa da &#8216;Cidadania Modelando o Estado&#8217; \u2013 adotada pelo autor desde o mestrado -, a seguran\u00e7a p\u00fablica \u00e9 analisada sob o aspecto da cidadania, no contraponto do discurso&hellip; <\/p>\n","protected":false},"author":3,"featured_media":11070,"comment_status":"open","ping_status":"closed","sticky":false,"template":"","format":"standard","meta":{"footnotes":""},"categories":[6,25],"tags":[],"class_list":["post-11069","post","type-post","status-publish","format-standard","has-post-thumbnail","hentry","category-livros","category-seguranca-publica-e-defesa"],"views":266,"_links":{"self":[{"href":"https:\/\/www.bibliotecadeseguranca.com.br\/fr\/wp-json\/wp\/v2\/posts\/11069","targetHints":{"allow":["GET"]}}],"collection":[{"href":"https:\/\/www.bibliotecadeseguranca.com.br\/fr\/wp-json\/wp\/v2\/posts"}],"about":[{"href":"https:\/\/www.bibliotecadeseguranca.com.br\/fr\/wp-json\/wp\/v2\/types\/post"}],"author":[{"embeddable":true,"href":"https:\/\/www.bibliotecadeseguranca.com.br\/fr\/wp-json\/wp\/v2\/users\/3"}],"replies":[{"embeddable":true,"href":"https:\/\/www.bibliotecadeseguranca.com.br\/fr\/wp-json\/wp\/v2\/comments?post=11069"}],"version-history":[{"count":1,"href":"https:\/\/www.bibliotecadeseguranca.com.br\/fr\/wp-json\/wp\/v2\/posts\/11069\/revisions"}],"predecessor-version":[{"id":11071,"href":"https:\/\/www.bibliotecadeseguranca.com.br\/fr\/wp-json\/wp\/v2\/posts\/11069\/revisions\/11071"}],"wp:featuredmedia":[{"embeddable":true,"href":"https:\/\/www.bibliotecadeseguranca.com.br\/fr\/wp-json\/wp\/v2\/media\/11070"}],"wp:attachment":[{"href":"https:\/\/www.bibliotecadeseguranca.com.br\/fr\/wp-json\/wp\/v2\/media?parent=11069"}],"wp:term":[{"taxonomy":"category","embeddable":true,"href":"https:\/\/www.bibliotecadeseguranca.com.br\/fr\/wp-json\/wp\/v2\/categories?post=11069"},{"taxonomy":"post_tag","embeddable":true,"href":"https:\/\/www.bibliotecadeseguranca.com.br\/fr\/wp-json\/wp\/v2\/tags?post=11069"}],"curies":[{"name":"wp","href":"https:\/\/api.w.org\/{rel}","templated":true}]}}