{"id":11062,"date":"2014-07-08T09:30:44","date_gmt":"2014-07-08T12:30:44","guid":{"rendered":"http:\/\/www.bibliotecadeseguranca.com.br\/fr\/?p=11062"},"modified":"2014-11-11T19:46:48","modified_gmt":"2014-11-11T22:46:48","slug":"o-espirito-militar-um-antropologo-na-caserna","status":"publish","type":"post","link":"https:\/\/www.bibliotecadeseguranca.com.br\/fr\/livros\/o-espirito-militar-um-antropologo-na-caserna\/","title":{"rendered":"O Esp\u00edrito Militar: um Antrop\u00f3logo na Caserna"},"content":{"rendered":"<p><span style=\"color: rgb(0, 51, 102);\"><strong><img loading=\"lazy\" decoding=\"async\" class=\"alignleft size-full wp-image-11063\" src=\"http:\/\/www.bibliotecadeseguranca.com.br\/fr\/wp-content\/uploads\/2014\/07\/o-espirito-militar-um-antropologo-na-caserna.jpg\" alt=\"O Esp\u00edrito Militar: um Antrop\u00f3logo na Caserna\" width=\"145\" height=\"218\" srcset=\"https:\/\/www.bibliotecadeseguranca.com.br\/fr\/wp-content\/uploads\/2014\/07\/o-espirito-militar-um-antropologo-na-caserna.jpg 145w, https:\/\/www.bibliotecadeseguranca.com.br\/fr\/wp-content\/uploads\/2014\/07\/o-espirito-militar-um-antropologo-na-caserna-99x150.jpg 99w\" sizes=\"auto, (max-width: 145px) 100vw, 145px\" \/>Celso Castro<\/strong><\/span><\/p>\n<p><span style=\"color: rgb(0, 51, 102);\"><strong>Editor Zahar<\/strong><\/span><\/p>\n<p><span style=\"color: rgb(0, 51, 102);\"><strong>Descripci\u00f3n:<\/strong><\/span> Esse livro \u00e9 fruto da primeira pesquisa antropol\u00f3gica realizada numa institui\u00e7\u00e3o militar brasileira. A partir da vis\u00e3o de mundo e do cotidiano dos cadetes da AMAN, a Academia Militar das Agulhas Negras, o autor discute temas como os processos de socializa\u00e7\u00e3o, conflito e constru\u00e7\u00e3o da identidade militar. O resultado dessa incurs\u00e3o de um antrop\u00f3logo na caserna \u00e9 aqui apresentado de forma clara e objetiva, num estudo que busca evitar estere\u00f3tipos e preconceitos. Essa \u00e9 uma edi\u00e7\u00e3o revista do livro publicado em 1990 por esta editora.<br \/>\n&#8220;Por sua originalidade e atualidade, O Esp\u00edrito Militar continua sendo refer\u00eancia obrigat\u00f3ria para antropol\u00f3gos, cientistas pol\u00edticos, soci\u00f3logos, historiadores e para um p\u00fablico mais amplo, interessado na investiga\u00e7\u00e3o s\u00e9ria de uma das categorias mais citadas e menos conhecidas da sociedade brasileira.&#8221;<br \/>\nGilberto Velho.<\/p>\n","protected":false},"excerpt":{"rendered":"<p>Celso Castro Editor Zahar Descripci\u00f3n: Esse livro \u00e9 fruto da primeira pesquisa antropol\u00f3gica realizada numa institui\u00e7\u00e3o militar brasileira. A partir da vis\u00e3o de mundo e do cotidiano dos cadetes da AMAN, a Academia Militar das Agulhas Negras, o autor discute temas como os processos de socializa\u00e7\u00e3o, conflito e constru\u00e7\u00e3o da identidade militar. O resultado dessa incurs\u00e3o de um antrop\u00f3logo na caserna \u00e9 aqui apresentado de forma clara e objetiva, num&hellip; <\/p>\n","protected":false},"author":3,"featured_media":11063,"comment_status":"open","ping_status":"closed","sticky":false,"template":"","format":"standard","meta":{"footnotes":""},"categories":[6,25],"tags":[],"class_list":["post-11062","post","type-post","status-publish","format-standard","has-post-thumbnail","hentry","category-livros","category-seguranca-publica-e-defesa"],"views":248,"_links":{"self":[{"href":"https:\/\/www.bibliotecadeseguranca.com.br\/fr\/wp-json\/wp\/v2\/posts\/11062","targetHints":{"allow":["GET"]}}],"collection":[{"href":"https:\/\/www.bibliotecadeseguranca.com.br\/fr\/wp-json\/wp\/v2\/posts"}],"about":[{"href":"https:\/\/www.bibliotecadeseguranca.com.br\/fr\/wp-json\/wp\/v2\/types\/post"}],"author":[{"embeddable":true,"href":"https:\/\/www.bibliotecadeseguranca.com.br\/fr\/wp-json\/wp\/v2\/users\/3"}],"replies":[{"embeddable":true,"href":"https:\/\/www.bibliotecadeseguranca.com.br\/fr\/wp-json\/wp\/v2\/comments?post=11062"}],"version-history":[{"count":1,"href":"https:\/\/www.bibliotecadeseguranca.com.br\/fr\/wp-json\/wp\/v2\/posts\/11062\/revisions"}],"predecessor-version":[{"id":11064,"href":"https:\/\/www.bibliotecadeseguranca.com.br\/fr\/wp-json\/wp\/v2\/posts\/11062\/revisions\/11064"}],"wp:featuredmedia":[{"embeddable":true,"href":"https:\/\/www.bibliotecadeseguranca.com.br\/fr\/wp-json\/wp\/v2\/media\/11063"}],"wp:attachment":[{"href":"https:\/\/www.bibliotecadeseguranca.com.br\/fr\/wp-json\/wp\/v2\/media?parent=11062"}],"wp:term":[{"taxonomy":"category","embeddable":true,"href":"https:\/\/www.bibliotecadeseguranca.com.br\/fr\/wp-json\/wp\/v2\/categories?post=11062"},{"taxonomy":"post_tag","embeddable":true,"href":"https:\/\/www.bibliotecadeseguranca.com.br\/fr\/wp-json\/wp\/v2\/tags?post=11062"}],"curies":[{"name":"wp","href":"https:\/\/api.w.org\/{rel}","templated":true}]}}